{"id":13514,"date":"2019-09-10T13:14:09","date_gmt":"2019-09-10T11:14:09","guid":{"rendered":"https:\/\/www.azubicard.de\/baden-wuerttemberg\/2019\/09\/10\/geschaeftsstelle-eulgem-versicherungsservice-gbr\/"},"modified":"2021-11-12T08:48:27","modified_gmt":"2021-11-12T07:48:27","slug":"geschaeftsstelle-eulgem-versicherungsservice-gbr","status":"publish","type":"post","link":"https:\/\/www.azubicard.de\/baden-wuerttemberg\/2019\/09\/10\/geschaeftsstelle-eulgem-versicherungsservice-gbr\/","title":{"rendered":"Gesch\u00e4ftsstelle Eulgem Versicherungsservice GbR"},"content":{"rendered":"<p><strong>15 Euro Cashback von deiner Versicherungsagentur!<\/strong><\/p>\n<p>Als Inhaber der AzubiCard erh\u00e4ltst du beim Abschluss oder Wechsel deiner privaten Versicherung(en) zu uns jeweils 15 \u20ac Geld zur\u00fcck \u2013 und das pro Vertrag!<br \/>\nG\u00fcltig f\u00fcr folgende Sparten:<br \/>\n\u2013 KFZ \/ Auto<br \/>\n\u2013 Privat-Haftpflichtversicherung<br \/>\n\u2013 Rechtsschutzversicherung<br \/>\n\u2013 Hausratversicherung<br \/>\n\u2013 Unfallversicherung<br \/>\n\u2013 Berufsunf\u00e4higkeitsversicherung<br \/>\n\u2013 Rentenversicherung<br \/>\n\u2013 Krankenzusatzversicherung<br \/>\n\u2013 gesetzliche Krankenversicherung (Continentale BKK)<\/p>\n<p>Rechenbeispiel: Autoversicherung + Privathaftpflichtversicherung + Berufsunf\u00e4higkeitsversicherung bei unserer Versicherungsagentur = 45 \u20ac Cashback!<br \/>\nDie Auszahlung erfolgt einmalig nach Zustandekommen des jeweiligen Vertrages auf das von dir angegebene Bankkonto.<\/p>\n<p>Wenn du interessiert bist, kannst du uns jederzeit kontaktieren \u2013 egal ob per E-Mail oder telefonisch!<br \/>\nWir vereinbaren gerne einen Beratungstermin und erstellen dir unverbindlich Angebote!<br \/>\nDu findest uns auch auf Facebook: <a href=\"https:\/\/www.facebook.com\/EulgemVersicherungsService\/\">https:\/\/www.facebook.com\/EulgemVersicherungsService\/<\/a><\/p>\n<p>Einschr\u00e4nkungen:<br \/>\nDie genannten Verg\u00fcnstigungen k\u00f6nnen nur gew\u00e4hrt werden, bei Vorlage einer g\u00fcltigen Azubi-Card in Verbindung mit deinem Personalausweis oder Reisepass und wenn der Vertragsabschluss innerhalb deiner Ausbildungszeit liegt! Der Inhaber der Azubi-Card muss der Versicherungsnehmer sein. Die Aktion ist nicht g\u00fcltig bei Abschluss einer Auslandsreisekrankenversicherung mit Jahresbeitrag 12 \u20ac.<\/p>\n<p>Wo?<\/p>\n<p>Continentale Versicherungsverbund auf Gegenseitigkeit<br \/>\nGesch\u00e4ftsstelle<br \/>\nEulgem Versicherungsservice GbR<br \/>\nGerberstr. 19<br \/>\n56727 Mayen<\/p>\n<p>Telefon: 0265198610<br \/>\nE-Mail: <a href=\"mailto:info.eulgem@continentale.de\">info.eulgem@continentale.de<\/a><br \/>\nHomepage: <a href=\"https:\/\/www.continentale.de\/web\/info-eulgem\">https:\/\/www.continentale.de\/web\/info-eulgem<\/a><\/p>\n","protected":false},"excerpt":{"rendered":"<p>15 Euro Cashback von deiner Versicherungsagentur! Als Inhaber der AzubiCard erh\u00e4ltst du beim Abschluss oder Wechsel deiner privaten Versicherung(en) zu uns jeweils 15 \u20ac Geld zur\u00fcck \u2013 und das pro Vertrag! G\u00fcltig f\u00fcr folgende Sparten: \u2013 KFZ \/ Auto \u2013 Privat-Haftpflichtversicherung \u2013 Rechtsschutzversicherung \u2013 Hausratversicherung&#8230;<\/p>\n","protected":false},"author":2,"featured_media":1112,"comment_status":"open","ping_status":"open","sticky":false,"template":"","format":"standard","meta":{"_acf_changed":false,"footnotes":""},"categories":[87,88,89],"tags":[649],"class_list":["post-13514","post","type-post","status-publish","format-standard","has-post-thumbnail","hentry","category-angebote-koblenz","category-koblenz","category-top-angebote-koblenz","tag-banken-versicherungen"],"acf":[],"yoast_head":"<!-- This site is optimized with the Yoast SEO plugin v25.5 - https:\/\/yoast.com\/wordpress\/plugins\/seo\/ -->\n<title>Gesch\u00e4ftsstelle Eulgem Versicherungsservice GbR - AzubiCard Baden-W\u00fcrttemberg<\/title>\n<meta name=\"robots\" content=\"index, follow, max-snippet:-1, max-image-preview:large, max-video-preview:-1\" \/>\n<link rel=\"canonical\" href=\"https:\/\/www.azubicard.de\/baden-wuerttemberg\/2019\/09\/10\/geschaeftsstelle-eulgem-versicherungsservice-gbr\/\" \/>\n<meta property=\"og:locale\" content=\"de_DE\" \/>\n<meta property=\"og:type\" content=\"article\" \/>\n<meta property=\"og:title\" content=\"Gesch\u00e4ftsstelle Eulgem Versicherungsservice GbR - AzubiCard Baden-W\u00fcrttemberg\" \/>\n<meta property=\"og:description\" content=\"15 Euro Cashback von deiner Versicherungsagentur! Als Inhaber der AzubiCard erh\u00e4ltst du beim Abschluss oder Wechsel deiner privaten Versicherung(en) zu uns jeweils 15 \u20ac Geld zur\u00fcck \u2013 und das pro Vertrag! G\u00fcltig f\u00fcr folgende Sparten: \u2013 KFZ \/ Auto \u2013 Privat-Haftpflichtversicherung \u2013 Rechtsschutzversicherung \u2013 Hausratversicherung...\" \/>\n<meta property=\"og:url\" content=\"https:\/\/www.azubicard.de\/baden-wuerttemberg\/2019\/09\/10\/geschaeftsstelle-eulgem-versicherungsservice-gbr\/\" \/>\n<meta property=\"og:site_name\" content=\"AzubiCard Baden-W\u00fcrttemberg\" \/>\n<meta property=\"article:published_time\" content=\"2019-09-10T11:14:09+00:00\" \/>\n<meta property=\"article:modified_time\" content=\"2021-11-12T07:48:27+00:00\" \/>\n<meta property=\"og:image\" content=\"https:\/\/www.azubicard.de\/baden-wuerttemberg\/wp-content\/uploads\/sites\/66\/2019\/09\/rk35748-Azubi-Card-Anzeige-1500-x-1000-Pixel-Vep-Eulgem.jpg\" \/>\n\t<meta property=\"og:image:width\" content=\"1500\" \/>\n\t<meta property=\"og:image:height\" content=\"1000\" \/>\n\t<meta property=\"og:image:type\" content=\"image\/jpeg\" \/>\n<meta name=\"author\" content=\"newmedialabs\" \/>\n<meta name=\"twitter:card\" content=\"summary_large_image\" \/>\n<meta name=\"twitter:label1\" content=\"Verfasst von\" \/>\n\t<meta name=\"twitter:data1\" content=\"newmedialabs\" \/>\n\t<meta name=\"twitter:label2\" content=\"Gesch\u00e4tzte Lesezeit\" \/>\n\t<meta name=\"twitter:data2\" content=\"1\u00a0Minute\" \/>\n<script type=\"application\/ld+json\" class=\"yoast-schema-graph\">{\"@context\":\"https:\/\/schema.org\",\"@graph\":[{\"@type\":\"WebPage\",\"@id\":\"https:\/\/www.azubicard.de\/baden-wuerttemberg\/2019\/09\/10\/geschaeftsstelle-eulgem-versicherungsservice-gbr\/\",\"url\":\"https:\/\/www.azubicard.de\/baden-wuerttemberg\/2019\/09\/10\/geschaeftsstelle-eulgem-versicherungsservice-gbr\/\",\"name\":\"Gesch\u00e4ftsstelle Eulgem Versicherungsservice GbR - AzubiCard Baden-W\u00fcrttemberg\",\"isPartOf\":{\"@id\":\"https:\/\/www.azubicard.de\/baden-wuerttemberg\/#website\"},\"primaryImageOfPage\":{\"@id\":\"https:\/\/www.azubicard.de\/baden-wuerttemberg\/2019\/09\/10\/geschaeftsstelle-eulgem-versicherungsservice-gbr\/#primaryimage\"},\"image\":{\"@id\":\"https:\/\/www.azubicard.de\/baden-wuerttemberg\/2019\/09\/10\/geschaeftsstelle-eulgem-versicherungsservice-gbr\/#primaryimage\"},\"thumbnailUrl\":\"https:\/\/www.azubicard.de\/baden-wuerttemberg\/wp-content\/uploads\/sites\/66\/2019\/09\/rk35748-Azubi-Card-Anzeige-1500-x-1000-Pixel-Vep-Eulgem.jpg\",\"datePublished\":\"2019-09-10T11:14:09+00:00\",\"dateModified\":\"2021-11-12T07:48:27+00:00\",\"author\":{\"@id\":\"https:\/\/www.azubicard.de\/baden-wuerttemberg\/#\/schema\/person\/04ed6c5ee3f85d438f77d70b59ad8240\"},\"breadcrumb\":{\"@id\":\"https:\/\/www.azubicard.de\/baden-wuerttemberg\/2019\/09\/10\/geschaeftsstelle-eulgem-versicherungsservice-gbr\/#breadcrumb\"},\"inLanguage\":\"de\",\"potentialAction\":[{\"@type\":\"ReadAction\",\"target\":[\"https:\/\/www.azubicard.de\/baden-wuerttemberg\/2019\/09\/10\/geschaeftsstelle-eulgem-versicherungsservice-gbr\/\"]}]},{\"@type\":\"ImageObject\",\"inLanguage\":\"de\",\"@id\":\"https:\/\/www.azubicard.de\/baden-wuerttemberg\/2019\/09\/10\/geschaeftsstelle-eulgem-versicherungsservice-gbr\/#primaryimage\",\"url\":\"https:\/\/www.azubicard.de\/baden-wuerttemberg\/wp-content\/uploads\/sites\/66\/2019\/09\/rk35748-Azubi-Card-Anzeige-1500-x-1000-Pixel-Vep-Eulgem.jpg\",\"contentUrl\":\"https:\/\/www.azubicard.de\/baden-wuerttemberg\/wp-content\/uploads\/sites\/66\/2019\/09\/rk35748-Azubi-Card-Anzeige-1500-x-1000-Pixel-Vep-Eulgem.jpg\",\"width\":1500,\"height\":1000,\"caption\":\"Gesch\u00e4ftsstelle Eulgem Versicherungsservice GbR\"},{\"@type\":\"BreadcrumbList\",\"@id\":\"https:\/\/www.azubicard.de\/baden-wuerttemberg\/2019\/09\/10\/geschaeftsstelle-eulgem-versicherungsservice-gbr\/#breadcrumb\",\"itemListElement\":[{\"@type\":\"ListItem\",\"position\":1,\"name\":\"Startseite\",\"item\":\"https:\/\/www.azubicard.de\/baden-wuerttemberg\/\"},{\"@type\":\"ListItem\",\"position\":2,\"name\":\"Gesch\u00e4ftsstelle Eulgem Versicherungsservice GbR\"}]},{\"@type\":\"WebSite\",\"@id\":\"https:\/\/www.azubicard.de\/baden-wuerttemberg\/#website\",\"url\":\"https:\/\/www.azubicard.de\/baden-wuerttemberg\/\",\"name\":\"AzubiCard Baden-W\u00fcrttemberg\",\"description\":\"Eine weitere AzubiCard Website\",\"potentialAction\":[{\"@type\":\"SearchAction\",\"target\":{\"@type\":\"EntryPoint\",\"urlTemplate\":\"https:\/\/www.azubicard.de\/baden-wuerttemberg\/?s={search_term_string}\"},\"query-input\":{\"@type\":\"PropertyValueSpecification\",\"valueRequired\":true,\"valueName\":\"search_term_string\"}}],\"inLanguage\":\"de\"},{\"@type\":\"Person\",\"@id\":\"https:\/\/www.azubicard.de\/baden-wuerttemberg\/#\/schema\/person\/04ed6c5ee3f85d438f77d70b59ad8240\",\"name\":\"newmedialabs\",\"image\":{\"@type\":\"ImageObject\",\"inLanguage\":\"de\",\"@id\":\"https:\/\/www.azubicard.de\/baden-wuerttemberg\/#\/schema\/person\/image\/\",\"url\":\"https:\/\/secure.gravatar.com\/avatar\/61edca5e904cf4237abd51dfd5ed3f61aa79989c3dd21586506a37bdd4ba58ba?s=96&d=mm&r=g\",\"contentUrl\":\"https:\/\/secure.gravatar.com\/avatar\/61edca5e904cf4237abd51dfd5ed3f61aa79989c3dd21586506a37bdd4ba58ba?s=96&d=mm&r=g\",\"caption\":\"newmedialabs\"},\"url\":\"https:\/\/www.azubicard.de\/baden-wuerttemberg\/author\/newmedialabs\/\"}]}<\/script>\n<!-- \/ Yoast SEO plugin. -->","yoast_head_json":{"title":"Gesch\u00e4ftsstelle Eulgem Versicherungsservice GbR - AzubiCard Baden-W\u00fcrttemberg","robots":{"index":"index","follow":"follow","max-snippet":"max-snippet:-1","max-image-preview":"max-image-preview:large","max-video-preview":"max-video-preview:-1"},"canonical":"https:\/\/www.azubicard.de\/baden-wuerttemberg\/2019\/09\/10\/geschaeftsstelle-eulgem-versicherungsservice-gbr\/","og_locale":"de_DE","og_type":"article","og_title":"Gesch\u00e4ftsstelle Eulgem Versicherungsservice GbR - AzubiCard Baden-W\u00fcrttemberg","og_description":"15 Euro Cashback von deiner Versicherungsagentur! Als Inhaber der AzubiCard erh\u00e4ltst du beim Abschluss oder Wechsel deiner privaten Versicherung(en) zu uns jeweils 15 \u20ac Geld zur\u00fcck \u2013 und das pro Vertrag! G\u00fcltig f\u00fcr folgende Sparten: \u2013 KFZ \/ Auto \u2013 Privat-Haftpflichtversicherung \u2013 Rechtsschutzversicherung \u2013 Hausratversicherung...","og_url":"https:\/\/www.azubicard.de\/baden-wuerttemberg\/2019\/09\/10\/geschaeftsstelle-eulgem-versicherungsservice-gbr\/","og_site_name":"AzubiCard Baden-W\u00fcrttemberg","article_published_time":"2019-09-10T11:14:09+00:00","article_modified_time":"2021-11-12T07:48:27+00:00","og_image":[{"width":1500,"height":1000,"url":"https:\/\/www.azubicard.de\/baden-wuerttemberg\/wp-content\/uploads\/sites\/66\/2019\/09\/rk35748-Azubi-Card-Anzeige-1500-x-1000-Pixel-Vep-Eulgem.jpg","type":"image\/jpeg"}],"author":"newmedialabs","twitter_card":"summary_large_image","twitter_misc":{"Verfasst von":"newmedialabs","Gesch\u00e4tzte Lesezeit":"1\u00a0Minute"},"schema":{"@context":"https:\/\/schema.org","@graph":[{"@type":"WebPage","@id":"https:\/\/www.azubicard.de\/baden-wuerttemberg\/2019\/09\/10\/geschaeftsstelle-eulgem-versicherungsservice-gbr\/","url":"https:\/\/www.azubicard.de\/baden-wuerttemberg\/2019\/09\/10\/geschaeftsstelle-eulgem-versicherungsservice-gbr\/","name":"Gesch\u00e4ftsstelle Eulgem Versicherungsservice GbR - AzubiCard Baden-W\u00fcrttemberg","isPartOf":{"@id":"https:\/\/www.azubicard.de\/baden-wuerttemberg\/#website"},"primaryImageOfPage":{"@id":"https:\/\/www.azubicard.de\/baden-wuerttemberg\/2019\/09\/10\/geschaeftsstelle-eulgem-versicherungsservice-gbr\/#primaryimage"},"image":{"@id":"https:\/\/www.azubicard.de\/baden-wuerttemberg\/2019\/09\/10\/geschaeftsstelle-eulgem-versicherungsservice-gbr\/#primaryimage"},"thumbnailUrl":"https:\/\/www.azubicard.de\/baden-wuerttemberg\/wp-content\/uploads\/sites\/66\/2019\/09\/rk35748-Azubi-Card-Anzeige-1500-x-1000-Pixel-Vep-Eulgem.jpg","datePublished":"2019-09-10T11:14:09+00:00","dateModified":"2021-11-12T07:48:27+00:00","author":{"@id":"https:\/\/www.azubicard.de\/baden-wuerttemberg\/#\/schema\/person\/04ed6c5ee3f85d438f77d70b59ad8240"},"breadcrumb":{"@id":"https:\/\/www.azubicard.de\/baden-wuerttemberg\/2019\/09\/10\/geschaeftsstelle-eulgem-versicherungsservice-gbr\/#breadcrumb"},"inLanguage":"de","potentialAction":[{"@type":"ReadAction","target":["https:\/\/www.azubicard.de\/baden-wuerttemberg\/2019\/09\/10\/geschaeftsstelle-eulgem-versicherungsservice-gbr\/"]}]},{"@type":"ImageObject","inLanguage":"de","@id":"https:\/\/www.azubicard.de\/baden-wuerttemberg\/2019\/09\/10\/geschaeftsstelle-eulgem-versicherungsservice-gbr\/#primaryimage","url":"https:\/\/www.azubicard.de\/baden-wuerttemberg\/wp-content\/uploads\/sites\/66\/2019\/09\/rk35748-Azubi-Card-Anzeige-1500-x-1000-Pixel-Vep-Eulgem.jpg","contentUrl":"https:\/\/www.azubicard.de\/baden-wuerttemberg\/wp-content\/uploads\/sites\/66\/2019\/09\/rk35748-Azubi-Card-Anzeige-1500-x-1000-Pixel-Vep-Eulgem.jpg","width":1500,"height":1000,"caption":"Gesch\u00e4ftsstelle Eulgem Versicherungsservice GbR"},{"@type":"BreadcrumbList","@id":"https:\/\/www.azubicard.de\/baden-wuerttemberg\/2019\/09\/10\/geschaeftsstelle-eulgem-versicherungsservice-gbr\/#breadcrumb","itemListElement":[{"@type":"ListItem","position":1,"name":"Startseite","item":"https:\/\/www.azubicard.de\/baden-wuerttemberg\/"},{"@type":"ListItem","position":2,"name":"Gesch\u00e4ftsstelle Eulgem Versicherungsservice GbR"}]},{"@type":"WebSite","@id":"https:\/\/www.azubicard.de\/baden-wuerttemberg\/#website","url":"https:\/\/www.azubicard.de\/baden-wuerttemberg\/","name":"AzubiCard Baden-W\u00fcrttemberg","description":"Eine weitere AzubiCard Website","potentialAction":[{"@type":"SearchAction","target":{"@type":"EntryPoint","urlTemplate":"https:\/\/www.azubicard.de\/baden-wuerttemberg\/?s={search_term_string}"},"query-input":{"@type":"PropertyValueSpecification","valueRequired":true,"valueName":"search_term_string"}}],"inLanguage":"de"},{"@type":"Person","@id":"https:\/\/www.azubicard.de\/baden-wuerttemberg\/#\/schema\/person\/04ed6c5ee3f85d438f77d70b59ad8240","name":"newmedialabs","image":{"@type":"ImageObject","inLanguage":"de","@id":"https:\/\/www.azubicard.de\/baden-wuerttemberg\/#\/schema\/person\/image\/","url":"https:\/\/secure.gravatar.com\/avatar\/61edca5e904cf4237abd51dfd5ed3f61aa79989c3dd21586506a37bdd4ba58ba?s=96&d=mm&r=g","contentUrl":"https:\/\/secure.gravatar.com\/avatar\/61edca5e904cf4237abd51dfd5ed3f61aa79989c3dd21586506a37bdd4ba58ba?s=96&d=mm&r=g","caption":"newmedialabs"},"url":"https:\/\/www.azubicard.de\/baden-wuerttemberg\/author\/newmedialabs\/"}]}},"publishpress_future_action":{"enabled":false,"date":"2026-05-08 22:19:56","action":"change-status","newStatus":"draft","terms":[],"taxonomy":"category","extraData":[]},"publishpress_future_workflow_manual_trigger":{"enabledWorkflows":[]},"_links":{"self":[{"href":"https:\/\/www.azubicard.de\/baden-wuerttemberg\/wp-json\/wp\/v2\/posts\/13514","targetHints":{"allow":["GET"]}}],"collection":[{"href":"https:\/\/www.azubicard.de\/baden-wuerttemberg\/wp-json\/wp\/v2\/posts"}],"about":[{"href":"https:\/\/www.azubicard.de\/baden-wuerttemberg\/wp-json\/wp\/v2\/types\/post"}],"author":[{"embeddable":true,"href":"https:\/\/www.azubicard.de\/baden-wuerttemberg\/wp-json\/wp\/v2\/users\/2"}],"replies":[{"embeddable":true,"href":"https:\/\/www.azubicard.de\/baden-wuerttemberg\/wp-json\/wp\/v2\/comments?post=13514"}],"version-history":[{"count":1,"href":"https:\/\/www.azubicard.de\/baden-wuerttemberg\/wp-json\/wp\/v2\/posts\/13514\/revisions"}],"predecessor-version":[{"id":16823,"href":"https:\/\/www.azubicard.de\/baden-wuerttemberg\/wp-json\/wp\/v2\/posts\/13514\/revisions\/16823"}],"wp:featuredmedia":[{"embeddable":true,"href":"https:\/\/www.azubicard.de\/baden-wuerttemberg\/wp-json\/wp\/v2\/media\/1112"}],"wp:attachment":[{"href":"https:\/\/www.azubicard.de\/baden-wuerttemberg\/wp-json\/wp\/v2\/media?parent=13514"}],"wp:term":[{"taxonomy":"category","embeddable":true,"href":"https:\/\/www.azubicard.de\/baden-wuerttemberg\/wp-json\/wp\/v2\/categories?post=13514"},{"taxonomy":"post_tag","embeddable":true,"href":"https:\/\/www.azubicard.de\/baden-wuerttemberg\/wp-json\/wp\/v2\/tags?post=13514"}],"curies":[{"name":"wp","href":"https:\/\/api.w.org\/{rel}","templated":true}]}}