{"id":13938,"date":"2019-12-16T15:37:30","date_gmt":"2019-12-16T13:37:30","guid":{"rendered":"https:\/\/www.azubicard.de\/baden-wuerttemberg\/2019\/12\/16\/rentamania-bikes-eichstaett\/"},"modified":"2021-11-12T08:42:56","modified_gmt":"2021-11-12T07:42:56","slug":"rentamania-bikes-eichstaett","status":"publish","type":"post","link":"https:\/\/www.azubicard.de\/baden-wuerttemberg\/2019\/12\/16\/rentamania-bikes-eichstaett\/","title":{"rendered":"Rentamania-Bikes Eichst\u00e4tt"},"content":{"rendered":"<p><strong>Sparen beim Fahrradservice!<\/strong><\/p>\n<p>Wir gew\u00e4hren Euch 10% Rabatt auf die Lohnkosten einer Fahrradreparatur und ebenfalls 10% Rabatt bei einer Fahrrad oder E-Bike-Anmietung gegen Vorlage einer g\u00fcltigen AzubiCard.<\/p>\n<p>Eine telefonische Terminvereinbarung ist notwendig.<\/p>\n<p>Wo:<br \/>\nRentamania-Bikes, Gemmingenstra\u00dfe 22, 85072 Eichst\u00e4tt<\/p>\n<p>Kontakt:<br \/>\n<a href=\"http:\/\/www.rentamania.de\">Homepage<\/a><\/p>\n","protected":false},"excerpt":{"rendered":"<p><strong>Sparen beim Fahrradservice!<\/strong><\/p>\n<p>Wir gew\u00e4hren Euch 10% Rabatt auf die Lohnkosten einer Fahrradreparatur und ebenfalls 10% Rabatt bei einer Fahrrad oder E-Bike-Anmietung gegen Vorlage einer g\u00fcltigen AzubiCard.<\/p>\n<p>Eine telefonische Terminvereinbarung ist notwendig.<\/p>\n<p>Wo:<br \/>\nRentamania-Bikes, Gemmingenstra\u00dfe 22, 85072 Eichst\u00e4tt<\/p>\n","protected":false},"author":7,"featured_media":3349,"comment_status":"open","ping_status":"open","sticky":false,"template":"","format":"standard","meta":{"_acf_changed":false,"footnotes":""},"categories":[84,85,86],"tags":[745],"class_list":["post-13938","post","type-post","status-publish","format-standard","has-post-thumbnail","hentry","category-angebote-oberbayern","category-oberbayern","category-top-angebote-oberbayern","tag-mobilitaet"],"acf":[],"yoast_head":"<!-- This site is optimized with the Yoast SEO plugin v25.5 - https:\/\/yoast.com\/wordpress\/plugins\/seo\/ -->\n<title>Rentamania-Bikes Eichst\u00e4tt - AzubiCard Baden-W\u00fcrttemberg<\/title>\n<meta name=\"robots\" content=\"index, follow, max-snippet:-1, max-image-preview:large, max-video-preview:-1\" \/>\n<link rel=\"canonical\" href=\"https:\/\/www.azubicard.de\/baden-wuerttemberg\/2019\/12\/16\/rentamania-bikes-eichstaett\/\" \/>\n<meta property=\"og:locale\" content=\"de_DE\" \/>\n<meta property=\"og:type\" content=\"article\" \/>\n<meta property=\"og:title\" content=\"Rentamania-Bikes Eichst\u00e4tt - AzubiCard Baden-W\u00fcrttemberg\" \/>\n<meta property=\"og:description\" content=\"Sparen beim Fahrradservice!  Wir gew\u00e4hren Euch 10% Rabatt auf die Lohnkosten einer Fahrradreparatur und ebenfalls 10% Rabatt bei einer Fahrrad oder E-Bike-Anmietung gegen Vorlage einer g\u00fcltigen AzubiCard.  Eine telefonische Terminvereinbarung ist notwendig.  Wo: Rentamania-Bikes, Gemmingenstra\u00dfe 22, 85072 Eichst\u00e4tt\" \/>\n<meta property=\"og:url\" content=\"https:\/\/www.azubicard.de\/baden-wuerttemberg\/2019\/12\/16\/rentamania-bikes-eichstaett\/\" \/>\n<meta property=\"og:site_name\" content=\"AzubiCard Baden-W\u00fcrttemberg\" \/>\n<meta property=\"article:published_time\" content=\"2019-12-16T13:37:30+00:00\" \/>\n<meta property=\"article:modified_time\" content=\"2021-11-12T07:42:56+00:00\" \/>\n<meta property=\"og:image\" content=\"https:\/\/www.azubicard.de\/baden-wuerttemberg\/wp-content\/uploads\/sites\/66\/2019\/12\/Rentamania_Bild_IHK_M\u00fcnchen.jpeg\" \/>\n\t<meta property=\"og:image:width\" content=\"480\" \/>\n\t<meta property=\"og:image:height\" content=\"480\" \/>\n\t<meta property=\"og:image:type\" content=\"image\/jpeg\" \/>\n<meta name=\"author\" content=\"IHK Oberbayern\" \/>\n<meta name=\"twitter:card\" content=\"summary_large_image\" \/>\n<meta name=\"twitter:label1\" content=\"Verfasst von\" \/>\n\t<meta name=\"twitter:data1\" content=\"IHK Oberbayern\" \/>\n<script type=\"application\/ld+json\" class=\"yoast-schema-graph\">{\"@context\":\"https:\/\/schema.org\",\"@graph\":[{\"@type\":\"WebPage\",\"@id\":\"https:\/\/www.azubicard.de\/baden-wuerttemberg\/2019\/12\/16\/rentamania-bikes-eichstaett\/\",\"url\":\"https:\/\/www.azubicard.de\/baden-wuerttemberg\/2019\/12\/16\/rentamania-bikes-eichstaett\/\",\"name\":\"Rentamania-Bikes Eichst\u00e4tt - AzubiCard Baden-W\u00fcrttemberg\",\"isPartOf\":{\"@id\":\"https:\/\/www.azubicard.de\/baden-wuerttemberg\/#website\"},\"primaryImageOfPage\":{\"@id\":\"https:\/\/www.azubicard.de\/baden-wuerttemberg\/2019\/12\/16\/rentamania-bikes-eichstaett\/#primaryimage\"},\"image\":{\"@id\":\"https:\/\/www.azubicard.de\/baden-wuerttemberg\/2019\/12\/16\/rentamania-bikes-eichstaett\/#primaryimage\"},\"thumbnailUrl\":\"https:\/\/www.azubicard.de\/baden-wuerttemberg\/wp-content\/uploads\/sites\/66\/2019\/12\/Rentamania_Bild_IHK_M\u00fcnchen.jpeg\",\"datePublished\":\"2019-12-16T13:37:30+00:00\",\"dateModified\":\"2021-11-12T07:42:56+00:00\",\"author\":{\"@id\":\"https:\/\/www.azubicard.de\/baden-wuerttemberg\/#\/schema\/person\/2ee21ef4870446ccbdb1c30c15303845\"},\"breadcrumb\":{\"@id\":\"https:\/\/www.azubicard.de\/baden-wuerttemberg\/2019\/12\/16\/rentamania-bikes-eichstaett\/#breadcrumb\"},\"inLanguage\":\"de\",\"potentialAction\":[{\"@type\":\"ReadAction\",\"target\":[\"https:\/\/www.azubicard.de\/baden-wuerttemberg\/2019\/12\/16\/rentamania-bikes-eichstaett\/\"]}]},{\"@type\":\"ImageObject\",\"inLanguage\":\"de\",\"@id\":\"https:\/\/www.azubicard.de\/baden-wuerttemberg\/2019\/12\/16\/rentamania-bikes-eichstaett\/#primaryimage\",\"url\":\"https:\/\/www.azubicard.de\/baden-wuerttemberg\/wp-content\/uploads\/sites\/66\/2019\/12\/Rentamania_Bild_IHK_M\u00fcnchen.jpeg\",\"contentUrl\":\"https:\/\/www.azubicard.de\/baden-wuerttemberg\/wp-content\/uploads\/sites\/66\/2019\/12\/Rentamania_Bild_IHK_M\u00fcnchen.jpeg\",\"width\":480,\"height\":480},{\"@type\":\"BreadcrumbList\",\"@id\":\"https:\/\/www.azubicard.de\/baden-wuerttemberg\/2019\/12\/16\/rentamania-bikes-eichstaett\/#breadcrumb\",\"itemListElement\":[{\"@type\":\"ListItem\",\"position\":1,\"name\":\"Startseite\",\"item\":\"https:\/\/www.azubicard.de\/baden-wuerttemberg\/\"},{\"@type\":\"ListItem\",\"position\":2,\"name\":\"Rentamania-Bikes Eichst\u00e4tt\"}]},{\"@type\":\"WebSite\",\"@id\":\"https:\/\/www.azubicard.de\/baden-wuerttemberg\/#website\",\"url\":\"https:\/\/www.azubicard.de\/baden-wuerttemberg\/\",\"name\":\"AzubiCard Baden-W\u00fcrttemberg\",\"description\":\"Eine weitere AzubiCard Website\",\"potentialAction\":[{\"@type\":\"SearchAction\",\"target\":{\"@type\":\"EntryPoint\",\"urlTemplate\":\"https:\/\/www.azubicard.de\/baden-wuerttemberg\/?s={search_term_string}\"},\"query-input\":{\"@type\":\"PropertyValueSpecification\",\"valueRequired\":true,\"valueName\":\"search_term_string\"}}],\"inLanguage\":\"de\"},{\"@type\":\"Person\",\"@id\":\"https:\/\/www.azubicard.de\/baden-wuerttemberg\/#\/schema\/person\/2ee21ef4870446ccbdb1c30c15303845\",\"name\":\"IHK Oberbayern\",\"image\":{\"@type\":\"ImageObject\",\"inLanguage\":\"de\",\"@id\":\"https:\/\/www.azubicard.de\/baden-wuerttemberg\/#\/schema\/person\/image\/\",\"url\":\"https:\/\/secure.gravatar.com\/avatar\/db2e594d6e9ec18d430b9cc6fe95c30c36c464e11631e3a1aed35b5e4013d4a1?s=96&d=mm&r=g\",\"contentUrl\":\"https:\/\/secure.gravatar.com\/avatar\/db2e594d6e9ec18d430b9cc6fe95c30c36c464e11631e3a1aed35b5e4013d4a1?s=96&d=mm&r=g\",\"caption\":\"IHK Oberbayern\"},\"url\":\"https:\/\/www.azubicard.de\/baden-wuerttemberg\/author\/ihkoberbayern\/\"}]}<\/script>\n<!-- \/ Yoast SEO plugin. -->","yoast_head_json":{"title":"Rentamania-Bikes Eichst\u00e4tt - AzubiCard Baden-W\u00fcrttemberg","robots":{"index":"index","follow":"follow","max-snippet":"max-snippet:-1","max-image-preview":"max-image-preview:large","max-video-preview":"max-video-preview:-1"},"canonical":"https:\/\/www.azubicard.de\/baden-wuerttemberg\/2019\/12\/16\/rentamania-bikes-eichstaett\/","og_locale":"de_DE","og_type":"article","og_title":"Rentamania-Bikes Eichst\u00e4tt - AzubiCard Baden-W\u00fcrttemberg","og_description":"Sparen beim Fahrradservice!  Wir gew\u00e4hren Euch 10% Rabatt auf die Lohnkosten einer Fahrradreparatur und ebenfalls 10% Rabatt bei einer Fahrrad oder E-Bike-Anmietung gegen Vorlage einer g\u00fcltigen AzubiCard.  Eine telefonische Terminvereinbarung ist notwendig.  Wo: Rentamania-Bikes, Gemmingenstra\u00dfe 22, 85072 Eichst\u00e4tt","og_url":"https:\/\/www.azubicard.de\/baden-wuerttemberg\/2019\/12\/16\/rentamania-bikes-eichstaett\/","og_site_name":"AzubiCard Baden-W\u00fcrttemberg","article_published_time":"2019-12-16T13:37:30+00:00","article_modified_time":"2021-11-12T07:42:56+00:00","og_image":[{"width":480,"height":480,"url":"https:\/\/www.azubicard.de\/baden-wuerttemberg\/wp-content\/uploads\/sites\/66\/2019\/12\/Rentamania_Bild_IHK_M\u00fcnchen.jpeg","type":"image\/jpeg"}],"author":"IHK Oberbayern","twitter_card":"summary_large_image","twitter_misc":{"Verfasst von":"IHK Oberbayern"},"schema":{"@context":"https:\/\/schema.org","@graph":[{"@type":"WebPage","@id":"https:\/\/www.azubicard.de\/baden-wuerttemberg\/2019\/12\/16\/rentamania-bikes-eichstaett\/","url":"https:\/\/www.azubicard.de\/baden-wuerttemberg\/2019\/12\/16\/rentamania-bikes-eichstaett\/","name":"Rentamania-Bikes Eichst\u00e4tt - AzubiCard Baden-W\u00fcrttemberg","isPartOf":{"@id":"https:\/\/www.azubicard.de\/baden-wuerttemberg\/#website"},"primaryImageOfPage":{"@id":"https:\/\/www.azubicard.de\/baden-wuerttemberg\/2019\/12\/16\/rentamania-bikes-eichstaett\/#primaryimage"},"image":{"@id":"https:\/\/www.azubicard.de\/baden-wuerttemberg\/2019\/12\/16\/rentamania-bikes-eichstaett\/#primaryimage"},"thumbnailUrl":"https:\/\/www.azubicard.de\/baden-wuerttemberg\/wp-content\/uploads\/sites\/66\/2019\/12\/Rentamania_Bild_IHK_M\u00fcnchen.jpeg","datePublished":"2019-12-16T13:37:30+00:00","dateModified":"2021-11-12T07:42:56+00:00","author":{"@id":"https:\/\/www.azubicard.de\/baden-wuerttemberg\/#\/schema\/person\/2ee21ef4870446ccbdb1c30c15303845"},"breadcrumb":{"@id":"https:\/\/www.azubicard.de\/baden-wuerttemberg\/2019\/12\/16\/rentamania-bikes-eichstaett\/#breadcrumb"},"inLanguage":"de","potentialAction":[{"@type":"ReadAction","target":["https:\/\/www.azubicard.de\/baden-wuerttemberg\/2019\/12\/16\/rentamania-bikes-eichstaett\/"]}]},{"@type":"ImageObject","inLanguage":"de","@id":"https:\/\/www.azubicard.de\/baden-wuerttemberg\/2019\/12\/16\/rentamania-bikes-eichstaett\/#primaryimage","url":"https:\/\/www.azubicard.de\/baden-wuerttemberg\/wp-content\/uploads\/sites\/66\/2019\/12\/Rentamania_Bild_IHK_M\u00fcnchen.jpeg","contentUrl":"https:\/\/www.azubicard.de\/baden-wuerttemberg\/wp-content\/uploads\/sites\/66\/2019\/12\/Rentamania_Bild_IHK_M\u00fcnchen.jpeg","width":480,"height":480},{"@type":"BreadcrumbList","@id":"https:\/\/www.azubicard.de\/baden-wuerttemberg\/2019\/12\/16\/rentamania-bikes-eichstaett\/#breadcrumb","itemListElement":[{"@type":"ListItem","position":1,"name":"Startseite","item":"https:\/\/www.azubicard.de\/baden-wuerttemberg\/"},{"@type":"ListItem","position":2,"name":"Rentamania-Bikes Eichst\u00e4tt"}]},{"@type":"WebSite","@id":"https:\/\/www.azubicard.de\/baden-wuerttemberg\/#website","url":"https:\/\/www.azubicard.de\/baden-wuerttemberg\/","name":"AzubiCard Baden-W\u00fcrttemberg","description":"Eine weitere AzubiCard Website","potentialAction":[{"@type":"SearchAction","target":{"@type":"EntryPoint","urlTemplate":"https:\/\/www.azubicard.de\/baden-wuerttemberg\/?s={search_term_string}"},"query-input":{"@type":"PropertyValueSpecification","valueRequired":true,"valueName":"search_term_string"}}],"inLanguage":"de"},{"@type":"Person","@id":"https:\/\/www.azubicard.de\/baden-wuerttemberg\/#\/schema\/person\/2ee21ef4870446ccbdb1c30c15303845","name":"IHK Oberbayern","image":{"@type":"ImageObject","inLanguage":"de","@id":"https:\/\/www.azubicard.de\/baden-wuerttemberg\/#\/schema\/person\/image\/","url":"https:\/\/secure.gravatar.com\/avatar\/db2e594d6e9ec18d430b9cc6fe95c30c36c464e11631e3a1aed35b5e4013d4a1?s=96&d=mm&r=g","contentUrl":"https:\/\/secure.gravatar.com\/avatar\/db2e594d6e9ec18d430b9cc6fe95c30c36c464e11631e3a1aed35b5e4013d4a1?s=96&d=mm&r=g","caption":"IHK Oberbayern"},"url":"https:\/\/www.azubicard.de\/baden-wuerttemberg\/author\/ihkoberbayern\/"}]}},"publishpress_future_action":{"enabled":false,"date":"2026-05-06 12:27:23","action":"change-status","newStatus":"draft","terms":[],"taxonomy":"category","extraData":[]},"publishpress_future_workflow_manual_trigger":{"enabledWorkflows":[]},"_links":{"self":[{"href":"https:\/\/www.azubicard.de\/baden-wuerttemberg\/wp-json\/wp\/v2\/posts\/13938","targetHints":{"allow":["GET"]}}],"collection":[{"href":"https:\/\/www.azubicard.de\/baden-wuerttemberg\/wp-json\/wp\/v2\/posts"}],"about":[{"href":"https:\/\/www.azubicard.de\/baden-wuerttemberg\/wp-json\/wp\/v2\/types\/post"}],"author":[{"embeddable":true,"href":"https:\/\/www.azubicard.de\/baden-wuerttemberg\/wp-json\/wp\/v2\/users\/7"}],"replies":[{"embeddable":true,"href":"https:\/\/www.azubicard.de\/baden-wuerttemberg\/wp-json\/wp\/v2\/comments?post=13938"}],"version-history":[{"count":1,"href":"https:\/\/www.azubicard.de\/baden-wuerttemberg\/wp-json\/wp\/v2\/posts\/13938\/revisions"}],"predecessor-version":[{"id":16482,"href":"https:\/\/www.azubicard.de\/baden-wuerttemberg\/wp-json\/wp\/v2\/posts\/13938\/revisions\/16482"}],"wp:featuredmedia":[{"embeddable":true,"href":"https:\/\/www.azubicard.de\/baden-wuerttemberg\/wp-json\/wp\/v2\/media\/3349"}],"wp:attachment":[{"href":"https:\/\/www.azubicard.de\/baden-wuerttemberg\/wp-json\/wp\/v2\/media?parent=13938"}],"wp:term":[{"taxonomy":"category","embeddable":true,"href":"https:\/\/www.azubicard.de\/baden-wuerttemberg\/wp-json\/wp\/v2\/categories?post=13938"},{"taxonomy":"post_tag","embeddable":true,"href":"https:\/\/www.azubicard.de\/baden-wuerttemberg\/wp-json\/wp\/v2\/tags?post=13938"}],"curies":[{"name":"wp","href":"https:\/\/api.w.org\/{rel}","templated":true}]}}