{"id":14307,"date":"2020-11-20T16:46:56","date_gmt":"2020-11-20T14:46:56","guid":{"rendered":"https:\/\/www.azubicard.de\/baden-wuerttemberg\/2020\/11\/20\/fussball-unplugged-beim-sv-babelsberg-03\/"},"modified":"2021-11-12T08:39:05","modified_gmt":"2021-11-12T07:39:05","slug":"fussball-unplugged-beim-sv-babelsberg-03","status":"publish","type":"post","link":"https:\/\/www.azubicard.de\/baden-wuerttemberg\/2020\/11\/20\/fussball-unplugged-beim-sv-babelsberg-03\/","title":{"rendered":"&#8222;Fu\u00dfball unplugged&#8220; beim SV Babelsberg 03"},"content":{"rendered":"<p>Der SV Babelsberg 03 ist der gr\u00f6\u00dfte Fu\u00dfballverein der Landeshauptstadt Potsdam. Der Verein steht f\u00fcr authentischen Fu\u00dfball und eine klare Haltung. Im wundersch\u00f6nen Karl-Liebknecht-Stadion (genannt \u201eKarli\u201c) direkt am Babelsberger Park (UNESCO Weltkulturerbe) bietet Nulldrei ein einmaliges Fu\u00dfball-Erlebnis f\u00fcr echte Fu\u00dfballpuristen: Direkt, rau, herzlich.<\/p>\n<p>Inhaber einer AzubiCard erhalten bis zu 7 Tage vor dem Spiel ihr Ticket f\u00fcr 6 \u20ac statt 10 \u20ac im Online-Ticketshop. In der Woche vor dem Spiel hebt sich der Vorverkaufspreis auf 7 \u20ac an.<\/p>\n<p>Online-Ticketshop: <a href=\"https:\/\/tickets.babelsberg03.de\/\">https:\/\/tickets.babelsberg03.de\/<\/a><\/p>\n","protected":false},"excerpt":{"rendered":"<p>Der SV Babelsberg 03 ist der gr\u00f6\u00dfte Fu\u00dfballverein der Landeshauptstadt Potsdam. Der Verein steht f\u00fcr authentischen Fu\u00dfball und eine klare Haltung. Im wundersch\u00f6nen Karl-Liebknecht-Stadion (genannt \u201eKarli\u201c) direkt am Babelsberger Park (UNESCO Weltkulturerbe) bietet Nulldrei ein einmaliges Fu\u00dfball-Erlebnis f\u00fcr echte Fu\u00dfballpuristen: Direkt, rau, herzlich. Inhaber einer&#8230;<\/p>\n","protected":false},"author":13,"featured_media":8201,"comment_status":"open","ping_status":"open","sticky":false,"template":"","format":"standard","meta":{"_acf_changed":false,"footnotes":""},"categories":[102,103],"tags":[36,82],"class_list":["post-14307","post","type-post","status-publish","format-standard","has-post-thumbnail","hentry","category-angebote-potsdam","category-potsdam","tag-kultur","tag-sport-fitness"],"acf":[],"yoast_head":"<!-- This site is optimized with the Yoast SEO plugin v25.5 - https:\/\/yoast.com\/wordpress\/plugins\/seo\/ -->\n<title>&quot;Fu\u00dfball unplugged&quot; beim SV Babelsberg 03 - AzubiCard Baden-W\u00fcrttemberg<\/title>\n<meta name=\"robots\" content=\"index, follow, max-snippet:-1, max-image-preview:large, max-video-preview:-1\" \/>\n<link rel=\"canonical\" href=\"https:\/\/www.azubicard.de\/baden-wuerttemberg\/2020\/11\/20\/fussball-unplugged-beim-sv-babelsberg-03\/\" \/>\n<meta property=\"og:locale\" content=\"de_DE\" \/>\n<meta property=\"og:type\" content=\"article\" \/>\n<meta property=\"og:title\" content=\"&quot;Fu\u00dfball unplugged&quot; beim SV Babelsberg 03 - AzubiCard Baden-W\u00fcrttemberg\" \/>\n<meta property=\"og:description\" content=\"Der SV Babelsberg 03 ist der gr\u00f6\u00dfte Fu\u00dfballverein der Landeshauptstadt Potsdam. Der Verein steht f\u00fcr authentischen Fu\u00dfball und eine klare Haltung. Im wundersch\u00f6nen Karl-Liebknecht-Stadion (genannt \u201eKarli\u201c) direkt am Babelsberger Park (UNESCO Weltkulturerbe) bietet Nulldrei ein einmaliges Fu\u00dfball-Erlebnis f\u00fcr echte Fu\u00dfballpuristen: Direkt, rau, herzlich. Inhaber einer...\" \/>\n<meta property=\"og:url\" content=\"https:\/\/www.azubicard.de\/baden-wuerttemberg\/2020\/11\/20\/fussball-unplugged-beim-sv-babelsberg-03\/\" \/>\n<meta property=\"og:site_name\" content=\"AzubiCard Baden-W\u00fcrttemberg\" \/>\n<meta property=\"article:published_time\" content=\"2020-11-20T14:46:56+00:00\" \/>\n<meta property=\"article:modified_time\" content=\"2021-11-12T07:39:05+00:00\" \/>\n<meta property=\"og:image\" content=\"https:\/\/www.azubicard.de\/baden-wuerttemberg\/wp-content\/uploads\/sites\/66\/2020\/11\/3-scaled-1024x630.jpg\" \/>\n\t<meta property=\"og:image:width\" content=\"1024\" \/>\n\t<meta property=\"og:image:height\" content=\"630\" \/>\n\t<meta property=\"og:image:type\" content=\"image\/jpeg\" \/>\n<meta name=\"author\" content=\"ihkpotsdam\" \/>\n<meta name=\"twitter:card\" content=\"summary_large_image\" \/>\n<meta name=\"twitter:label1\" content=\"Verfasst von\" \/>\n\t<meta name=\"twitter:data1\" content=\"ihkpotsdam\" \/>\n<script type=\"application\/ld+json\" class=\"yoast-schema-graph\">{\"@context\":\"https:\/\/schema.org\",\"@graph\":[{\"@type\":\"WebPage\",\"@id\":\"https:\/\/www.azubicard.de\/baden-wuerttemberg\/2020\/11\/20\/fussball-unplugged-beim-sv-babelsberg-03\/\",\"url\":\"https:\/\/www.azubicard.de\/baden-wuerttemberg\/2020\/11\/20\/fussball-unplugged-beim-sv-babelsberg-03\/\",\"name\":\"\\\"Fu\u00dfball unplugged\\\" beim SV Babelsberg 03 - AzubiCard Baden-W\u00fcrttemberg\",\"isPartOf\":{\"@id\":\"https:\/\/www.azubicard.de\/baden-wuerttemberg\/#website\"},\"primaryImageOfPage\":{\"@id\":\"https:\/\/www.azubicard.de\/baden-wuerttemberg\/2020\/11\/20\/fussball-unplugged-beim-sv-babelsberg-03\/#primaryimage\"},\"image\":{\"@id\":\"https:\/\/www.azubicard.de\/baden-wuerttemberg\/2020\/11\/20\/fussball-unplugged-beim-sv-babelsberg-03\/#primaryimage\"},\"thumbnailUrl\":\"https:\/\/www.azubicard.de\/baden-wuerttemberg\/wp-content\/uploads\/sites\/66\/2020\/11\/3-scaled.jpg\",\"datePublished\":\"2020-11-20T14:46:56+00:00\",\"dateModified\":\"2021-11-12T07:39:05+00:00\",\"author\":{\"@id\":\"https:\/\/www.azubicard.de\/baden-wuerttemberg\/#\/schema\/person\/68f0532f2af928fff053aebf3f84465a\"},\"breadcrumb\":{\"@id\":\"https:\/\/www.azubicard.de\/baden-wuerttemberg\/2020\/11\/20\/fussball-unplugged-beim-sv-babelsberg-03\/#breadcrumb\"},\"inLanguage\":\"de\",\"potentialAction\":[{\"@type\":\"ReadAction\",\"target\":[\"https:\/\/www.azubicard.de\/baden-wuerttemberg\/2020\/11\/20\/fussball-unplugged-beim-sv-babelsberg-03\/\"]}]},{\"@type\":\"ImageObject\",\"inLanguage\":\"de\",\"@id\":\"https:\/\/www.azubicard.de\/baden-wuerttemberg\/2020\/11\/20\/fussball-unplugged-beim-sv-babelsberg-03\/#primaryimage\",\"url\":\"https:\/\/www.azubicard.de\/baden-wuerttemberg\/wp-content\/uploads\/sites\/66\/2020\/11\/3-scaled.jpg\",\"contentUrl\":\"https:\/\/www.azubicard.de\/baden-wuerttemberg\/wp-content\/uploads\/sites\/66\/2020\/11\/3-scaled.jpg\",\"width\":2560,\"height\":1576,\"caption\":\"Babelsberger Mannschaft mit Fans im R\u00fccken, SV Babelsberg 03 - FC Viktoria 1899 Berlin, Fu\u00dfball, Regionalliga Nordost, Saison 2019\/2020, Potsdam, 16.08.2019, Foto: Jan Kuppert\"},{\"@type\":\"BreadcrumbList\",\"@id\":\"https:\/\/www.azubicard.de\/baden-wuerttemberg\/2020\/11\/20\/fussball-unplugged-beim-sv-babelsberg-03\/#breadcrumb\",\"itemListElement\":[{\"@type\":\"ListItem\",\"position\":1,\"name\":\"Startseite\",\"item\":\"https:\/\/www.azubicard.de\/baden-wuerttemberg\/\"},{\"@type\":\"ListItem\",\"position\":2,\"name\":\"&#8222;Fu\u00dfball unplugged&#8220; beim SV Babelsberg 03\"}]},{\"@type\":\"WebSite\",\"@id\":\"https:\/\/www.azubicard.de\/baden-wuerttemberg\/#website\",\"url\":\"https:\/\/www.azubicard.de\/baden-wuerttemberg\/\",\"name\":\"AzubiCard Baden-W\u00fcrttemberg\",\"description\":\"Eine weitere AzubiCard Website\",\"potentialAction\":[{\"@type\":\"SearchAction\",\"target\":{\"@type\":\"EntryPoint\",\"urlTemplate\":\"https:\/\/www.azubicard.de\/baden-wuerttemberg\/?s={search_term_string}\"},\"query-input\":{\"@type\":\"PropertyValueSpecification\",\"valueRequired\":true,\"valueName\":\"search_term_string\"}}],\"inLanguage\":\"de\"},{\"@type\":\"Person\",\"@id\":\"https:\/\/www.azubicard.de\/baden-wuerttemberg\/#\/schema\/person\/68f0532f2af928fff053aebf3f84465a\",\"name\":\"ihkpotsdam\",\"image\":{\"@type\":\"ImageObject\",\"inLanguage\":\"de\",\"@id\":\"https:\/\/www.azubicard.de\/baden-wuerttemberg\/#\/schema\/person\/image\/\",\"url\":\"https:\/\/secure.gravatar.com\/avatar\/66836a3d1f4e46cd3276a5bae15093bf48bb6abcff80dba7f868061d37951ec4?s=96&d=mm&r=g\",\"contentUrl\":\"https:\/\/secure.gravatar.com\/avatar\/66836a3d1f4e46cd3276a5bae15093bf48bb6abcff80dba7f868061d37951ec4?s=96&d=mm&r=g\",\"caption\":\"ihkpotsdam\"},\"url\":\"https:\/\/www.azubicard.de\/baden-wuerttemberg\/author\/ihkpotsdam\/\"}]}<\/script>\n<!-- \/ Yoast SEO plugin. -->","yoast_head_json":{"title":"\"Fu\u00dfball unplugged\" beim SV Babelsberg 03 - AzubiCard Baden-W\u00fcrttemberg","robots":{"index":"index","follow":"follow","max-snippet":"max-snippet:-1","max-image-preview":"max-image-preview:large","max-video-preview":"max-video-preview:-1"},"canonical":"https:\/\/www.azubicard.de\/baden-wuerttemberg\/2020\/11\/20\/fussball-unplugged-beim-sv-babelsberg-03\/","og_locale":"de_DE","og_type":"article","og_title":"\"Fu\u00dfball unplugged\" beim SV Babelsberg 03 - AzubiCard Baden-W\u00fcrttemberg","og_description":"Der SV Babelsberg 03 ist der gr\u00f6\u00dfte Fu\u00dfballverein der Landeshauptstadt Potsdam. Der Verein steht f\u00fcr authentischen Fu\u00dfball und eine klare Haltung. Im wundersch\u00f6nen Karl-Liebknecht-Stadion (genannt \u201eKarli\u201c) direkt am Babelsberger Park (UNESCO Weltkulturerbe) bietet Nulldrei ein einmaliges Fu\u00dfball-Erlebnis f\u00fcr echte Fu\u00dfballpuristen: Direkt, rau, herzlich. Inhaber einer...","og_url":"https:\/\/www.azubicard.de\/baden-wuerttemberg\/2020\/11\/20\/fussball-unplugged-beim-sv-babelsberg-03\/","og_site_name":"AzubiCard Baden-W\u00fcrttemberg","article_published_time":"2020-11-20T14:46:56+00:00","article_modified_time":"2021-11-12T07:39:05+00:00","og_image":[{"width":1024,"height":630,"url":"https:\/\/www.azubicard.de\/baden-wuerttemberg\/wp-content\/uploads\/sites\/66\/2020\/11\/3-scaled-1024x630.jpg","type":"image\/jpeg"}],"author":"ihkpotsdam","twitter_card":"summary_large_image","twitter_misc":{"Verfasst von":"ihkpotsdam"},"schema":{"@context":"https:\/\/schema.org","@graph":[{"@type":"WebPage","@id":"https:\/\/www.azubicard.de\/baden-wuerttemberg\/2020\/11\/20\/fussball-unplugged-beim-sv-babelsberg-03\/","url":"https:\/\/www.azubicard.de\/baden-wuerttemberg\/2020\/11\/20\/fussball-unplugged-beim-sv-babelsberg-03\/","name":"\"Fu\u00dfball unplugged\" beim SV Babelsberg 03 - AzubiCard Baden-W\u00fcrttemberg","isPartOf":{"@id":"https:\/\/www.azubicard.de\/baden-wuerttemberg\/#website"},"primaryImageOfPage":{"@id":"https:\/\/www.azubicard.de\/baden-wuerttemberg\/2020\/11\/20\/fussball-unplugged-beim-sv-babelsberg-03\/#primaryimage"},"image":{"@id":"https:\/\/www.azubicard.de\/baden-wuerttemberg\/2020\/11\/20\/fussball-unplugged-beim-sv-babelsberg-03\/#primaryimage"},"thumbnailUrl":"https:\/\/www.azubicard.de\/baden-wuerttemberg\/wp-content\/uploads\/sites\/66\/2020\/11\/3-scaled.jpg","datePublished":"2020-11-20T14:46:56+00:00","dateModified":"2021-11-12T07:39:05+00:00","author":{"@id":"https:\/\/www.azubicard.de\/baden-wuerttemberg\/#\/schema\/person\/68f0532f2af928fff053aebf3f84465a"},"breadcrumb":{"@id":"https:\/\/www.azubicard.de\/baden-wuerttemberg\/2020\/11\/20\/fussball-unplugged-beim-sv-babelsberg-03\/#breadcrumb"},"inLanguage":"de","potentialAction":[{"@type":"ReadAction","target":["https:\/\/www.azubicard.de\/baden-wuerttemberg\/2020\/11\/20\/fussball-unplugged-beim-sv-babelsberg-03\/"]}]},{"@type":"ImageObject","inLanguage":"de","@id":"https:\/\/www.azubicard.de\/baden-wuerttemberg\/2020\/11\/20\/fussball-unplugged-beim-sv-babelsberg-03\/#primaryimage","url":"https:\/\/www.azubicard.de\/baden-wuerttemberg\/wp-content\/uploads\/sites\/66\/2020\/11\/3-scaled.jpg","contentUrl":"https:\/\/www.azubicard.de\/baden-wuerttemberg\/wp-content\/uploads\/sites\/66\/2020\/11\/3-scaled.jpg","width":2560,"height":1576,"caption":"Babelsberger Mannschaft mit Fans im R\u00fccken, SV Babelsberg 03 - FC Viktoria 1899 Berlin, Fu\u00dfball, Regionalliga Nordost, Saison 2019\/2020, Potsdam, 16.08.2019, Foto: Jan Kuppert"},{"@type":"BreadcrumbList","@id":"https:\/\/www.azubicard.de\/baden-wuerttemberg\/2020\/11\/20\/fussball-unplugged-beim-sv-babelsberg-03\/#breadcrumb","itemListElement":[{"@type":"ListItem","position":1,"name":"Startseite","item":"https:\/\/www.azubicard.de\/baden-wuerttemberg\/"},{"@type":"ListItem","position":2,"name":"&#8222;Fu\u00dfball unplugged&#8220; beim SV Babelsberg 03"}]},{"@type":"WebSite","@id":"https:\/\/www.azubicard.de\/baden-wuerttemberg\/#website","url":"https:\/\/www.azubicard.de\/baden-wuerttemberg\/","name":"AzubiCard Baden-W\u00fcrttemberg","description":"Eine weitere AzubiCard Website","potentialAction":[{"@type":"SearchAction","target":{"@type":"EntryPoint","urlTemplate":"https:\/\/www.azubicard.de\/baden-wuerttemberg\/?s={search_term_string}"},"query-input":{"@type":"PropertyValueSpecification","valueRequired":true,"valueName":"search_term_string"}}],"inLanguage":"de"},{"@type":"Person","@id":"https:\/\/www.azubicard.de\/baden-wuerttemberg\/#\/schema\/person\/68f0532f2af928fff053aebf3f84465a","name":"ihkpotsdam","image":{"@type":"ImageObject","inLanguage":"de","@id":"https:\/\/www.azubicard.de\/baden-wuerttemberg\/#\/schema\/person\/image\/","url":"https:\/\/secure.gravatar.com\/avatar\/66836a3d1f4e46cd3276a5bae15093bf48bb6abcff80dba7f868061d37951ec4?s=96&d=mm&r=g","contentUrl":"https:\/\/secure.gravatar.com\/avatar\/66836a3d1f4e46cd3276a5bae15093bf48bb6abcff80dba7f868061d37951ec4?s=96&d=mm&r=g","caption":"ihkpotsdam"},"url":"https:\/\/www.azubicard.de\/baden-wuerttemberg\/author\/ihkpotsdam\/"}]}},"publishpress_future_action":{"enabled":false,"date":"2026-05-10 19:29:50","action":"change-status","newStatus":"draft","terms":[],"taxonomy":"category","extraData":[]},"publishpress_future_workflow_manual_trigger":{"enabledWorkflows":[]},"_links":{"self":[{"href":"https:\/\/www.azubicard.de\/baden-wuerttemberg\/wp-json\/wp\/v2\/posts\/14307","targetHints":{"allow":["GET"]}}],"collection":[{"href":"https:\/\/www.azubicard.de\/baden-wuerttemberg\/wp-json\/wp\/v2\/posts"}],"about":[{"href":"https:\/\/www.azubicard.de\/baden-wuerttemberg\/wp-json\/wp\/v2\/types\/post"}],"author":[{"embeddable":true,"href":"https:\/\/www.azubicard.de\/baden-wuerttemberg\/wp-json\/wp\/v2\/users\/13"}],"replies":[{"embeddable":true,"href":"https:\/\/www.azubicard.de\/baden-wuerttemberg\/wp-json\/wp\/v2\/comments?post=14307"}],"version-history":[{"count":1,"href":"https:\/\/www.azubicard.de\/baden-wuerttemberg\/wp-json\/wp\/v2\/posts\/14307\/revisions"}],"predecessor-version":[{"id":16316,"href":"https:\/\/www.azubicard.de\/baden-wuerttemberg\/wp-json\/wp\/v2\/posts\/14307\/revisions\/16316"}],"wp:featuredmedia":[{"embeddable":true,"href":"https:\/\/www.azubicard.de\/baden-wuerttemberg\/wp-json\/wp\/v2\/media\/8201"}],"wp:attachment":[{"href":"https:\/\/www.azubicard.de\/baden-wuerttemberg\/wp-json\/wp\/v2\/media?parent=14307"}],"wp:term":[{"taxonomy":"category","embeddable":true,"href":"https:\/\/www.azubicard.de\/baden-wuerttemberg\/wp-json\/wp\/v2\/categories?post=14307"},{"taxonomy":"post_tag","embeddable":true,"href":"https:\/\/www.azubicard.de\/baden-wuerttemberg\/wp-json\/wp\/v2\/tags?post=14307"}],"curies":[{"name":"wp","href":"https:\/\/api.w.org\/{rel}","templated":true}]}}