{"id":14385,"date":"2021-03-09T19:32:36","date_gmt":"2021-03-09T18:32:36","guid":{"rendered":"https:\/\/www.azubicard.de\/baden-wuerttemberg\/2021\/03\/09\/museum-fuer-alltagskultur-der-griesen-gegend-und-alte-synagoge-hagenow\/"},"modified":"2021-11-12T08:38:22","modified_gmt":"2021-11-12T07:38:22","slug":"museum-fuer-alltagskultur-der-griesen-gegend-und-alte-synagoge-hagenow","status":"publish","type":"post","link":"https:\/\/www.azubicard.de\/baden-wuerttemberg\/2021\/03\/09\/museum-fuer-alltagskultur-der-griesen-gegend-und-alte-synagoge-hagenow\/","title":{"rendered":"Museum f\u00fcr Alltagskultur der Griesen Gegend und Alte Synagoge Hagenow"},"content":{"rendered":"<p>Mit dem Museum und der Alten Synagoge verf\u00fcgt die Stadt Hagenow u\u0308ber zwei Orte, an denen Geschichte lebendig wird: Das Museum f\u00fcr Alltagskultur der Griesen Gegend pr\u00e4sentiert seine Ausstellungen zur Stadt und Regionalgeschichte, von der Steinzeit bis in die j\u00fcngere Vergangenheit, in einem Ackerb\u00fcrgerhaus von 1828 sowie in mehreren Wohn- und Nebengeb\u00e4uden.<br \/>\nDie ebenfalls 1828 errichtete Alte Synagoge mit dem ehemaligen Schul- und Gemeindehaus sowie einem Wagenschauer widmet sich den Spuren j\u00fcdischen Lebens in Hagenow und Westmecklenburg. Daru\u0308ber hinaus l\u00e4dt das Haus mit einem vielf\u00e4ltigen Programm aus Sonderausstellungen, Konzerten und Vortr\u00e4gen zu regelm\u00e4\u00dfigen Besuchen ein.<\/p>\n<p>Auszubildende zahlen den erm\u00e4\u00dfigten Eintritt von 2,00 Euro! Mehr Informationen unter <a href=\"https:\/\/museum-hagenow.de\/wordpress\/\" target=\"_blank\" rel=\"noopener\">www.museum-hagenow.de<\/a>.<\/p>\n\n\t\t<style type=\"text\/css\">\n\t\t\t#gallery-1 {\n\t\t\t\tmargin: auto;\n\t\t\t}\n\t\t\t#gallery-1 .gallery-item {\n\t\t\t\tfloat: left;\n\t\t\t\tmargin-top: 10px;\n\t\t\t\ttext-align: center;\n\t\t\t\twidth: 50%;\n\t\t\t}\n\t\t\t#gallery-1 img {\n\t\t\t\tborder: 2px solid #cfcfcf;\n\t\t\t}\n\t\t\t#gallery-1 .gallery-caption {\n\t\t\t\tmargin-left: 0;\n\t\t\t}\n\t\t\t\/* see gallery_shortcode() in wp-includes\/media.php *\/\n\t\t<\/style>\n\t\t<div id='gallery-1' class='gallery galleryid-14385 gallery-columns-2 gallery-size-thumbnail'><dl class='gallery-item'>\n\t\t\t<dt class='gallery-icon landscape'>\n\t\t\t\t<a href='https:\/\/www.azubicard.de\/baden-wuerttemberg\/alte-synagoge-foto-joern-lehmann-min\/'><img loading=\"lazy\" decoding=\"async\" width=\"150\" height=\"150\" src=\"https:\/\/www.azubicard.de\/baden-wuerttemberg\/wp-content\/uploads\/sites\/66\/2021\/03\/Alte-Synagoge-Foto-Joern-Lehmann-min-150x150.jpg\" class=\"attachment-thumbnail size-thumbnail\" alt=\"\" srcset=\"https:\/\/www.azubicard.de\/baden-wuerttemberg\/wp-content\/uploads\/sites\/66\/2021\/03\/Alte-Synagoge-Foto-Joern-Lehmann-min-150x150.jpg 150w, https:\/\/www.azubicard.de\/baden-wuerttemberg\/wp-content\/uploads\/sites\/66\/2021\/03\/Alte-Synagoge-Foto-Joern-Lehmann-min-100x100.jpg 100w, https:\/\/www.azubicard.de\/baden-wuerttemberg\/wp-content\/uploads\/sites\/66\/2021\/03\/Alte-Synagoge-Foto-Joern-Lehmann-min-63x63.jpg 63w\" sizes=\"auto, (max-width: 150px) 100vw, 150px\" \/><\/a>\n\t\t\t<\/dt><\/dl><dl class='gallery-item'>\n\t\t\t<dt class='gallery-icon landscape'>\n\t\t\t\t<a href='https:\/\/www.azubicard.de\/baden-wuerttemberg\/museum-hagenow-foto-joern-lehmann-min\/'><img loading=\"lazy\" decoding=\"async\" width=\"150\" height=\"150\" src=\"https:\/\/www.azubicard.de\/baden-wuerttemberg\/wp-content\/uploads\/sites\/66\/2021\/03\/Museum-Hagenow-Foto-Joern-Lehmann-min-150x150.jpg\" class=\"attachment-thumbnail size-thumbnail\" alt=\"\" srcset=\"https:\/\/www.azubicard.de\/baden-wuerttemberg\/wp-content\/uploads\/sites\/66\/2021\/03\/Museum-Hagenow-Foto-Joern-Lehmann-min-150x150.jpg 150w, https:\/\/www.azubicard.de\/baden-wuerttemberg\/wp-content\/uploads\/sites\/66\/2021\/03\/Museum-Hagenow-Foto-Joern-Lehmann-min-100x100.jpg 100w, https:\/\/www.azubicard.de\/baden-wuerttemberg\/wp-content\/uploads\/sites\/66\/2021\/03\/Museum-Hagenow-Foto-Joern-Lehmann-min-63x63.jpg 63w\" sizes=\"auto, (max-width: 150px) 100vw, 150px\" \/><\/a>\n\t\t\t<\/dt><\/dl><br style=\"clear: both\" \/>\n\t\t<\/div>\n\n","protected":false},"excerpt":{"rendered":"<p>Mit dem Museum und der Alten Synagoge verf\u00fcgt die Stadt Hagenow u\u0308ber zwei Orte, an denen Geschichte lebendig wird: Das Museum f\u00fcr Alltagskultur der Griesen Gegend pr\u00e4sentiert seine Ausstellungen zur Stadt und Regionalgeschichte, von der Steinzeit bis in die j\u00fcngere Vergangenheit, in einem Ackerb\u00fcrgerhaus von&#8230;<\/p>\n","protected":false},"author":29,"featured_media":10176,"comment_status":"open","ping_status":"open","sticky":false,"template":"","format":"standard","meta":{"_acf_changed":false,"footnotes":""},"categories":[739,735,740],"tags":[703,36],"class_list":["post-14385","post","type-post","status-publish","format-standard","has-post-thumbnail","hentry","category-angebote-schwerin","category-schwerin","category-top-angebote-schwerin","tag-ausflug","tag-kultur"],"acf":[],"yoast_head":"<!-- This site is optimized with the Yoast SEO plugin v25.5 - https:\/\/yoast.com\/wordpress\/plugins\/seo\/ -->\n<title>Museum f\u00fcr Alltagskultur der Griesen Gegend und Alte Synagoge Hagenow - AzubiCard Baden-W\u00fcrttemberg<\/title>\n<meta name=\"robots\" content=\"index, follow, max-snippet:-1, max-image-preview:large, max-video-preview:-1\" \/>\n<link rel=\"canonical\" href=\"https:\/\/www.azubicard.de\/baden-wuerttemberg\/2021\/03\/09\/museum-fuer-alltagskultur-der-griesen-gegend-und-alte-synagoge-hagenow\/\" \/>\n<meta property=\"og:locale\" content=\"de_DE\" \/>\n<meta property=\"og:type\" content=\"article\" \/>\n<meta property=\"og:title\" content=\"Museum f\u00fcr Alltagskultur der Griesen Gegend und Alte Synagoge Hagenow - AzubiCard Baden-W\u00fcrttemberg\" \/>\n<meta property=\"og:description\" content=\"Mit dem Museum und der Alten Synagoge verf\u00fcgt die Stadt Hagenow u\u0308ber zwei Orte, an denen Geschichte lebendig wird: Das Museum f\u00fcr Alltagskultur der Griesen Gegend pr\u00e4sentiert seine Ausstellungen zur Stadt und Regionalgeschichte, von der Steinzeit bis in die j\u00fcngere Vergangenheit, in einem Ackerb\u00fcrgerhaus von...\" \/>\n<meta property=\"og:url\" content=\"https:\/\/www.azubicard.de\/baden-wuerttemberg\/2021\/03\/09\/museum-fuer-alltagskultur-der-griesen-gegend-und-alte-synagoge-hagenow\/\" \/>\n<meta property=\"og:site_name\" content=\"AzubiCard Baden-W\u00fcrttemberg\" \/>\n<meta property=\"article:published_time\" content=\"2021-03-09T18:32:36+00:00\" \/>\n<meta property=\"article:modified_time\" content=\"2021-11-12T07:38:22+00:00\" \/>\n<meta property=\"og:image\" content=\"https:\/\/www.azubicard.de\/baden-wuerttemberg\/wp-content\/uploads\/sites\/66\/2021\/03\/Museum-Hagenow-Foto-Joern-Lehmann-min.jpg\" \/>\n\t<meta property=\"og:image:width\" content=\"1088\" \/>\n\t<meta property=\"og:image:height\" content=\"727\" \/>\n\t<meta property=\"og:image:type\" content=\"image\/jpeg\" \/>\n<meta name=\"author\" content=\"ihkschwerin\" \/>\n<meta name=\"twitter:card\" content=\"summary_large_image\" \/>\n<meta name=\"twitter:label1\" content=\"Verfasst von\" \/>\n\t<meta name=\"twitter:data1\" content=\"ihkschwerin\" \/>\n\t<meta name=\"twitter:label2\" content=\"Gesch\u00e4tzte Lesezeit\" \/>\n\t<meta name=\"twitter:data2\" content=\"1\u00a0Minute\" \/>\n<script type=\"application\/ld+json\" class=\"yoast-schema-graph\">{\"@context\":\"https:\/\/schema.org\",\"@graph\":[{\"@type\":\"WebPage\",\"@id\":\"https:\/\/www.azubicard.de\/baden-wuerttemberg\/2021\/03\/09\/museum-fuer-alltagskultur-der-griesen-gegend-und-alte-synagoge-hagenow\/\",\"url\":\"https:\/\/www.azubicard.de\/baden-wuerttemberg\/2021\/03\/09\/museum-fuer-alltagskultur-der-griesen-gegend-und-alte-synagoge-hagenow\/\",\"name\":\"Museum f\u00fcr Alltagskultur der Griesen Gegend und Alte Synagoge Hagenow - AzubiCard Baden-W\u00fcrttemberg\",\"isPartOf\":{\"@id\":\"https:\/\/www.azubicard.de\/baden-wuerttemberg\/#website\"},\"primaryImageOfPage\":{\"@id\":\"https:\/\/www.azubicard.de\/baden-wuerttemberg\/2021\/03\/09\/museum-fuer-alltagskultur-der-griesen-gegend-und-alte-synagoge-hagenow\/#primaryimage\"},\"image\":{\"@id\":\"https:\/\/www.azubicard.de\/baden-wuerttemberg\/2021\/03\/09\/museum-fuer-alltagskultur-der-griesen-gegend-und-alte-synagoge-hagenow\/#primaryimage\"},\"thumbnailUrl\":\"https:\/\/www.azubicard.de\/baden-wuerttemberg\/wp-content\/uploads\/sites\/66\/2021\/03\/Museum-Hagenow-Foto-Joern-Lehmann-min.jpg\",\"datePublished\":\"2021-03-09T18:32:36+00:00\",\"dateModified\":\"2021-11-12T07:38:22+00:00\",\"author\":{\"@id\":\"https:\/\/www.azubicard.de\/baden-wuerttemberg\/#\/schema\/person\/e2b565e2313d57e7ce1b723d7671dba4\"},\"breadcrumb\":{\"@id\":\"https:\/\/www.azubicard.de\/baden-wuerttemberg\/2021\/03\/09\/museum-fuer-alltagskultur-der-griesen-gegend-und-alte-synagoge-hagenow\/#breadcrumb\"},\"inLanguage\":\"de\",\"potentialAction\":[{\"@type\":\"ReadAction\",\"target\":[\"https:\/\/www.azubicard.de\/baden-wuerttemberg\/2021\/03\/09\/museum-fuer-alltagskultur-der-griesen-gegend-und-alte-synagoge-hagenow\/\"]}]},{\"@type\":\"ImageObject\",\"inLanguage\":\"de\",\"@id\":\"https:\/\/www.azubicard.de\/baden-wuerttemberg\/2021\/03\/09\/museum-fuer-alltagskultur-der-griesen-gegend-und-alte-synagoge-hagenow\/#primaryimage\",\"url\":\"https:\/\/www.azubicard.de\/baden-wuerttemberg\/wp-content\/uploads\/sites\/66\/2021\/03\/Museum-Hagenow-Foto-Joern-Lehmann-min.jpg\",\"contentUrl\":\"https:\/\/www.azubicard.de\/baden-wuerttemberg\/wp-content\/uploads\/sites\/66\/2021\/03\/Museum-Hagenow-Foto-Joern-Lehmann-min.jpg\",\"width\":1088,\"height\":727},{\"@type\":\"BreadcrumbList\",\"@id\":\"https:\/\/www.azubicard.de\/baden-wuerttemberg\/2021\/03\/09\/museum-fuer-alltagskultur-der-griesen-gegend-und-alte-synagoge-hagenow\/#breadcrumb\",\"itemListElement\":[{\"@type\":\"ListItem\",\"position\":1,\"name\":\"Startseite\",\"item\":\"https:\/\/www.azubicard.de\/baden-wuerttemberg\/\"},{\"@type\":\"ListItem\",\"position\":2,\"name\":\"Museum f\u00fcr Alltagskultur der Griesen Gegend und Alte Synagoge Hagenow\"}]},{\"@type\":\"WebSite\",\"@id\":\"https:\/\/www.azubicard.de\/baden-wuerttemberg\/#website\",\"url\":\"https:\/\/www.azubicard.de\/baden-wuerttemberg\/\",\"name\":\"AzubiCard Baden-W\u00fcrttemberg\",\"description\":\"Eine weitere AzubiCard Website\",\"potentialAction\":[{\"@type\":\"SearchAction\",\"target\":{\"@type\":\"EntryPoint\",\"urlTemplate\":\"https:\/\/www.azubicard.de\/baden-wuerttemberg\/?s={search_term_string}\"},\"query-input\":{\"@type\":\"PropertyValueSpecification\",\"valueRequired\":true,\"valueName\":\"search_term_string\"}}],\"inLanguage\":\"de\"},{\"@type\":\"Person\",\"@id\":\"https:\/\/www.azubicard.de\/baden-wuerttemberg\/#\/schema\/person\/e2b565e2313d57e7ce1b723d7671dba4\",\"name\":\"ihkschwerin\",\"image\":{\"@type\":\"ImageObject\",\"inLanguage\":\"de\",\"@id\":\"https:\/\/www.azubicard.de\/baden-wuerttemberg\/#\/schema\/person\/image\/\",\"url\":\"https:\/\/secure.gravatar.com\/avatar\/e07dd7f7e2e3edad30b4f91d8de811a3bce7db8ec86aeaf6bea0875f3533d844?s=96&d=mm&r=g\",\"contentUrl\":\"https:\/\/secure.gravatar.com\/avatar\/e07dd7f7e2e3edad30b4f91d8de811a3bce7db8ec86aeaf6bea0875f3533d844?s=96&d=mm&r=g\",\"caption\":\"ihkschwerin\"},\"url\":\"https:\/\/www.azubicard.de\/baden-wuerttemberg\/author\/ihkschwerin\/\"}]}<\/script>\n<!-- \/ Yoast SEO plugin. -->","yoast_head_json":{"title":"Museum f\u00fcr Alltagskultur der Griesen Gegend und Alte Synagoge Hagenow - AzubiCard Baden-W\u00fcrttemberg","robots":{"index":"index","follow":"follow","max-snippet":"max-snippet:-1","max-image-preview":"max-image-preview:large","max-video-preview":"max-video-preview:-1"},"canonical":"https:\/\/www.azubicard.de\/baden-wuerttemberg\/2021\/03\/09\/museum-fuer-alltagskultur-der-griesen-gegend-und-alte-synagoge-hagenow\/","og_locale":"de_DE","og_type":"article","og_title":"Museum f\u00fcr Alltagskultur der Griesen Gegend und Alte Synagoge Hagenow - AzubiCard Baden-W\u00fcrttemberg","og_description":"Mit dem Museum und der Alten Synagoge verf\u00fcgt die Stadt Hagenow u\u0308ber zwei Orte, an denen Geschichte lebendig wird: Das Museum f\u00fcr Alltagskultur der Griesen Gegend pr\u00e4sentiert seine Ausstellungen zur Stadt und Regionalgeschichte, von der Steinzeit bis in die j\u00fcngere Vergangenheit, in einem Ackerb\u00fcrgerhaus von...","og_url":"https:\/\/www.azubicard.de\/baden-wuerttemberg\/2021\/03\/09\/museum-fuer-alltagskultur-der-griesen-gegend-und-alte-synagoge-hagenow\/","og_site_name":"AzubiCard Baden-W\u00fcrttemberg","article_published_time":"2021-03-09T18:32:36+00:00","article_modified_time":"2021-11-12T07:38:22+00:00","og_image":[{"width":1088,"height":727,"url":"https:\/\/www.azubicard.de\/baden-wuerttemberg\/wp-content\/uploads\/sites\/66\/2021\/03\/Museum-Hagenow-Foto-Joern-Lehmann-min.jpg","type":"image\/jpeg"}],"author":"ihkschwerin","twitter_card":"summary_large_image","twitter_misc":{"Verfasst von":"ihkschwerin","Gesch\u00e4tzte Lesezeit":"1\u00a0Minute"},"schema":{"@context":"https:\/\/schema.org","@graph":[{"@type":"WebPage","@id":"https:\/\/www.azubicard.de\/baden-wuerttemberg\/2021\/03\/09\/museum-fuer-alltagskultur-der-griesen-gegend-und-alte-synagoge-hagenow\/","url":"https:\/\/www.azubicard.de\/baden-wuerttemberg\/2021\/03\/09\/museum-fuer-alltagskultur-der-griesen-gegend-und-alte-synagoge-hagenow\/","name":"Museum f\u00fcr Alltagskultur der Griesen Gegend und Alte Synagoge Hagenow - AzubiCard Baden-W\u00fcrttemberg","isPartOf":{"@id":"https:\/\/www.azubicard.de\/baden-wuerttemberg\/#website"},"primaryImageOfPage":{"@id":"https:\/\/www.azubicard.de\/baden-wuerttemberg\/2021\/03\/09\/museum-fuer-alltagskultur-der-griesen-gegend-und-alte-synagoge-hagenow\/#primaryimage"},"image":{"@id":"https:\/\/www.azubicard.de\/baden-wuerttemberg\/2021\/03\/09\/museum-fuer-alltagskultur-der-griesen-gegend-und-alte-synagoge-hagenow\/#primaryimage"},"thumbnailUrl":"https:\/\/www.azubicard.de\/baden-wuerttemberg\/wp-content\/uploads\/sites\/66\/2021\/03\/Museum-Hagenow-Foto-Joern-Lehmann-min.jpg","datePublished":"2021-03-09T18:32:36+00:00","dateModified":"2021-11-12T07:38:22+00:00","author":{"@id":"https:\/\/www.azubicard.de\/baden-wuerttemberg\/#\/schema\/person\/e2b565e2313d57e7ce1b723d7671dba4"},"breadcrumb":{"@id":"https:\/\/www.azubicard.de\/baden-wuerttemberg\/2021\/03\/09\/museum-fuer-alltagskultur-der-griesen-gegend-und-alte-synagoge-hagenow\/#breadcrumb"},"inLanguage":"de","potentialAction":[{"@type":"ReadAction","target":["https:\/\/www.azubicard.de\/baden-wuerttemberg\/2021\/03\/09\/museum-fuer-alltagskultur-der-griesen-gegend-und-alte-synagoge-hagenow\/"]}]},{"@type":"ImageObject","inLanguage":"de","@id":"https:\/\/www.azubicard.de\/baden-wuerttemberg\/2021\/03\/09\/museum-fuer-alltagskultur-der-griesen-gegend-und-alte-synagoge-hagenow\/#primaryimage","url":"https:\/\/www.azubicard.de\/baden-wuerttemberg\/wp-content\/uploads\/sites\/66\/2021\/03\/Museum-Hagenow-Foto-Joern-Lehmann-min.jpg","contentUrl":"https:\/\/www.azubicard.de\/baden-wuerttemberg\/wp-content\/uploads\/sites\/66\/2021\/03\/Museum-Hagenow-Foto-Joern-Lehmann-min.jpg","width":1088,"height":727},{"@type":"BreadcrumbList","@id":"https:\/\/www.azubicard.de\/baden-wuerttemberg\/2021\/03\/09\/museum-fuer-alltagskultur-der-griesen-gegend-und-alte-synagoge-hagenow\/#breadcrumb","itemListElement":[{"@type":"ListItem","position":1,"name":"Startseite","item":"https:\/\/www.azubicard.de\/baden-wuerttemberg\/"},{"@type":"ListItem","position":2,"name":"Museum f\u00fcr Alltagskultur der Griesen Gegend und Alte Synagoge Hagenow"}]},{"@type":"WebSite","@id":"https:\/\/www.azubicard.de\/baden-wuerttemberg\/#website","url":"https:\/\/www.azubicard.de\/baden-wuerttemberg\/","name":"AzubiCard Baden-W\u00fcrttemberg","description":"Eine weitere AzubiCard Website","potentialAction":[{"@type":"SearchAction","target":{"@type":"EntryPoint","urlTemplate":"https:\/\/www.azubicard.de\/baden-wuerttemberg\/?s={search_term_string}"},"query-input":{"@type":"PropertyValueSpecification","valueRequired":true,"valueName":"search_term_string"}}],"inLanguage":"de"},{"@type":"Person","@id":"https:\/\/www.azubicard.de\/baden-wuerttemberg\/#\/schema\/person\/e2b565e2313d57e7ce1b723d7671dba4","name":"ihkschwerin","image":{"@type":"ImageObject","inLanguage":"de","@id":"https:\/\/www.azubicard.de\/baden-wuerttemberg\/#\/schema\/person\/image\/","url":"https:\/\/secure.gravatar.com\/avatar\/e07dd7f7e2e3edad30b4f91d8de811a3bce7db8ec86aeaf6bea0875f3533d844?s=96&d=mm&r=g","contentUrl":"https:\/\/secure.gravatar.com\/avatar\/e07dd7f7e2e3edad30b4f91d8de811a3bce7db8ec86aeaf6bea0875f3533d844?s=96&d=mm&r=g","caption":"ihkschwerin"},"url":"https:\/\/www.azubicard.de\/baden-wuerttemberg\/author\/ihkschwerin\/"}]}},"publishpress_future_action":{"enabled":false,"date":"2026-05-03 17:30:17","action":"change-status","newStatus":"draft","terms":[],"taxonomy":"category","extraData":[]},"publishpress_future_workflow_manual_trigger":{"enabledWorkflows":[]},"_links":{"self":[{"href":"https:\/\/www.azubicard.de\/baden-wuerttemberg\/wp-json\/wp\/v2\/posts\/14385","targetHints":{"allow":["GET"]}}],"collection":[{"href":"https:\/\/www.azubicard.de\/baden-wuerttemberg\/wp-json\/wp\/v2\/posts"}],"about":[{"href":"https:\/\/www.azubicard.de\/baden-wuerttemberg\/wp-json\/wp\/v2\/types\/post"}],"author":[{"embeddable":true,"href":"https:\/\/www.azubicard.de\/baden-wuerttemberg\/wp-json\/wp\/v2\/users\/29"}],"replies":[{"embeddable":true,"href":"https:\/\/www.azubicard.de\/baden-wuerttemberg\/wp-json\/wp\/v2\/comments?post=14385"}],"version-history":[{"count":1,"href":"https:\/\/www.azubicard.de\/baden-wuerttemberg\/wp-json\/wp\/v2\/posts\/14385\/revisions"}],"predecessor-version":[{"id":14386,"href":"https:\/\/www.azubicard.de\/baden-wuerttemberg\/wp-json\/wp\/v2\/posts\/14385\/revisions\/14386"}],"wp:featuredmedia":[{"embeddable":true,"href":"https:\/\/www.azubicard.de\/baden-wuerttemberg\/wp-json\/wp\/v2\/media\/10176"}],"wp:attachment":[{"href":"https:\/\/www.azubicard.de\/baden-wuerttemberg\/wp-json\/wp\/v2\/media?parent=14385"}],"wp:term":[{"taxonomy":"category","embeddable":true,"href":"https:\/\/www.azubicard.de\/baden-wuerttemberg\/wp-json\/wp\/v2\/categories?post=14385"},{"taxonomy":"post_tag","embeddable":true,"href":"https:\/\/www.azubicard.de\/baden-wuerttemberg\/wp-json\/wp\/v2\/tags?post=14385"}],"curies":[{"name":"wp","href":"https:\/\/api.w.org\/{rel}","templated":true}]}}