{"id":14422,"date":"2021-05-04T11:27:41","date_gmt":"2021-05-04T09:27:41","guid":{"rendered":"https:\/\/www.azubicard.de\/baden-wuerttemberg\/2021\/05\/04\/sparkasse-uecker-randow\/"},"modified":"2021-11-12T08:38:04","modified_gmt":"2021-11-12T07:38:04","slug":"sparkasse-uecker-randow","status":"publish","type":"post","link":"https:\/\/www.azubicard.de\/baden-wuerttemberg\/2021\/05\/04\/sparkasse-uecker-randow\/","title":{"rendered":"Deine Sparkasse Uecker-Randow"},"content":{"rendered":"<p>Du bist Auszubildende\/Auszubildender und suchst noch die passende Bank zu Deinem Start ins Berufsleben? Dann besuche uns in einer der acht Filialen der Sparkasse Uecker-Randow.<\/p>\n<p>Deine Benefits bei uns sind unter anderem:<\/p>\n<p><strong>ein kostenfreies Girokonto f\u00fcr <\/strong><strong>Auszubildende bis zum Alter von 27 Jahren,<\/strong><\/p>\n<p><strong><span style=\"color: #000000\">Ba<\/span><span style=\"color: #000000\">nk<\/span>ing in der Filiale, am Telefon, Terminal, online oder mobil,<\/strong><\/p>\n<p><strong>Bargeldlos unterwegs mit der kostenfreien Sparkassen-Card (Debitkarte), inklusive Wunsch-PIN.<\/strong><\/p>\n<p>Kostenfreie Bargeldauszahlungen an \u00fcber 25.000 Sparkassen-Geldautomaten in ganz Deutschland.<\/p>\n<p>Einfach Deinem Berater in unserer Sparkasse einen kurzen Hinweis zur AzubiCard geben und schon bekommst Du Dein kostenfreies Girokonto und zus\u00e4tzlich ein cooles Ladekabel f\u00fcr Deine mobilen Endger\u00e4te.<\/p>\n<hr \/>\n<p><img loading=\"lazy\" decoding=\"async\" class=\"size-medium wp-image-10884 alignleft\" src=\"http:\/\/www.azubicard.de\/wp-content\/uploads\/2021\/05\/Sparkasse-Uecker-Randow-300x300.jpg\" alt=\"\" width=\"300\" height=\"300\" srcset=\"https:\/\/www.azubicard.de\/baden-wuerttemberg\/wp-content\/uploads\/sites\/66\/2021\/05\/Sparkasse-Uecker-Randow-300x300.jpg 300w, https:\/\/www.azubicard.de\/baden-wuerttemberg\/wp-content\/uploads\/sites\/66\/2021\/05\/Sparkasse-Uecker-Randow-1024x1024.jpg 1024w, https:\/\/www.azubicard.de\/baden-wuerttemberg\/wp-content\/uploads\/sites\/66\/2021\/05\/Sparkasse-Uecker-Randow-150x150.jpg 150w, https:\/\/www.azubicard.de\/baden-wuerttemberg\/wp-content\/uploads\/sites\/66\/2021\/05\/Sparkasse-Uecker-Randow-768x768.jpg 768w, https:\/\/www.azubicard.de\/baden-wuerttemberg\/wp-content\/uploads\/sites\/66\/2021\/05\/Sparkasse-Uecker-Randow-100x100.jpg 100w, https:\/\/www.azubicard.de\/baden-wuerttemberg\/wp-content\/uploads\/sites\/66\/2021\/05\/Sparkasse-Uecker-Randow-63x63.jpg 63w, https:\/\/www.azubicard.de\/baden-wuerttemberg\/wp-content\/uploads\/sites\/66\/2021\/05\/Sparkasse-Uecker-Randow.jpg 1080w\" sizes=\"auto, (max-width: 300px) 100vw, 300px\" \/><\/p>\n<p>Gesch\u00e4ftsstellen:<\/p>\n<p>\u21d2 Strasburg, Falkenberger Strasse 36<br \/>\n\u21d2 Pasewalk, Stettiner Strasse 20<br \/>\n\u21d2 Eggesin, Am Markt 13<br \/>\n\u21d2 Ferdinandshof, Schulstrasse 2a<br \/>\n\u21d2 L\u00f6cknitz, Chausseestrasse 79<br \/>\n\u21d2 Penkun, Am Markt 6<br \/>\n\u21d2 Torgelow, Bahnhofstrasse 44<br \/>\n\u21d2 Ueckerm\u00fcnde, Ueckerstrasse 52<\/p>\n<p>&nbsp;<\/p>\n<p>&nbsp;<\/p>\n","protected":false},"excerpt":{"rendered":"<p><strong>Dein kostenfreies Girokonto und zus\u00e4tzlich ein cooles Ladekabel f\u00fcr Deine mobilen Endger\u00e4te \u2192 Besuche uns in einer der acht Filialen der Sparkasse Uecker-Randow<\/strong><\/p>\n","protected":false},"author":20,"featured_media":10882,"comment_status":"open","ping_status":"open","sticky":false,"template":"","format":"standard","meta":{"_acf_changed":false,"footnotes":""},"categories":[1,693,683,694],"tags":[649],"class_list":["post-14422","post","type-post","status-publish","format-standard","has-post-thumbnail","hentry","category-allgemein","category-angebote-neubrandenburg","category-neubrandenburg","category-top-angebote-neubrandenburg","tag-banken-versicherungen"],"acf":[],"yoast_head":"<!-- This site is optimized with the Yoast SEO plugin v25.5 - https:\/\/yoast.com\/wordpress\/plugins\/seo\/ -->\n<title>Deine Sparkasse Uecker-Randow - AzubiCard Baden-W\u00fcrttemberg<\/title>\n<meta name=\"robots\" content=\"index, follow, max-snippet:-1, max-image-preview:large, max-video-preview:-1\" \/>\n<link rel=\"canonical\" href=\"https:\/\/www.azubicard.de\/baden-wuerttemberg\/2021\/05\/04\/sparkasse-uecker-randow\/\" \/>\n<meta property=\"og:locale\" content=\"de_DE\" \/>\n<meta property=\"og:type\" content=\"article\" \/>\n<meta property=\"og:title\" content=\"Deine Sparkasse Uecker-Randow - AzubiCard Baden-W\u00fcrttemberg\" \/>\n<meta property=\"og:description\" content=\"Dein kostenfreies Girokonto und zus\u00e4tzlich ein cooles Ladekabel f\u00fcr Deine mobilen Endger\u00e4te \u2192 Besuche uns in einer der acht Filialen der Sparkasse Uecker-Randow\" \/>\n<meta property=\"og:url\" content=\"https:\/\/www.azubicard.de\/baden-wuerttemberg\/2021\/05\/04\/sparkasse-uecker-randow\/\" \/>\n<meta property=\"og:site_name\" content=\"AzubiCard Baden-W\u00fcrttemberg\" \/>\n<meta property=\"article:published_time\" content=\"2021-05-04T09:27:41+00:00\" \/>\n<meta property=\"article:modified_time\" content=\"2021-11-12T07:38:04+00:00\" \/>\n<meta property=\"og:image\" content=\"https:\/\/www.azubicard.de\/baden-wuerttemberg\/wp-content\/uploads\/sites\/66\/2021\/05\/Sparkasse-U.-Randow_-scaled.jpg\" \/>\n\t<meta property=\"og:image:width\" content=\"2560\" \/>\n\t<meta property=\"og:image:height\" content=\"1698\" \/>\n\t<meta property=\"og:image:type\" content=\"image\/jpeg\" \/>\n<meta name=\"author\" content=\"ihkneubrandenburg\" \/>\n<meta name=\"twitter:card\" content=\"summary_large_image\" \/>\n<meta name=\"twitter:label1\" content=\"Verfasst von\" \/>\n\t<meta name=\"twitter:data1\" content=\"ihkneubrandenburg\" \/>\n\t<meta name=\"twitter:label2\" content=\"Gesch\u00e4tzte Lesezeit\" \/>\n\t<meta name=\"twitter:data2\" content=\"1\u00a0Minute\" \/>\n<script type=\"application\/ld+json\" class=\"yoast-schema-graph\">{\"@context\":\"https:\/\/schema.org\",\"@graph\":[{\"@type\":\"WebPage\",\"@id\":\"https:\/\/www.azubicard.de\/baden-wuerttemberg\/2021\/05\/04\/sparkasse-uecker-randow\/\",\"url\":\"https:\/\/www.azubicard.de\/baden-wuerttemberg\/2021\/05\/04\/sparkasse-uecker-randow\/\",\"name\":\"Deine Sparkasse Uecker-Randow - AzubiCard Baden-W\u00fcrttemberg\",\"isPartOf\":{\"@id\":\"https:\/\/www.azubicard.de\/baden-wuerttemberg\/#website\"},\"primaryImageOfPage\":{\"@id\":\"https:\/\/www.azubicard.de\/baden-wuerttemberg\/2021\/05\/04\/sparkasse-uecker-randow\/#primaryimage\"},\"image\":{\"@id\":\"https:\/\/www.azubicard.de\/baden-wuerttemberg\/2021\/05\/04\/sparkasse-uecker-randow\/#primaryimage\"},\"thumbnailUrl\":\"https:\/\/www.azubicard.de\/baden-wuerttemberg\/wp-content\/uploads\/sites\/66\/2021\/05\/Sparkasse-U.-Randow_-scaled.jpg\",\"datePublished\":\"2021-05-04T09:27:41+00:00\",\"dateModified\":\"2021-11-12T07:38:04+00:00\",\"author\":{\"@id\":\"https:\/\/www.azubicard.de\/baden-wuerttemberg\/#\/schema\/person\/8b1f3959cd069a6296d481b235e4f83f\"},\"breadcrumb\":{\"@id\":\"https:\/\/www.azubicard.de\/baden-wuerttemberg\/2021\/05\/04\/sparkasse-uecker-randow\/#breadcrumb\"},\"inLanguage\":\"de\",\"potentialAction\":[{\"@type\":\"ReadAction\",\"target\":[\"https:\/\/www.azubicard.de\/baden-wuerttemberg\/2021\/05\/04\/sparkasse-uecker-randow\/\"]}]},{\"@type\":\"ImageObject\",\"inLanguage\":\"de\",\"@id\":\"https:\/\/www.azubicard.de\/baden-wuerttemberg\/2021\/05\/04\/sparkasse-uecker-randow\/#primaryimage\",\"url\":\"https:\/\/www.azubicard.de\/baden-wuerttemberg\/wp-content\/uploads\/sites\/66\/2021\/05\/Sparkasse-U.-Randow_-scaled.jpg\",\"contentUrl\":\"https:\/\/www.azubicard.de\/baden-wuerttemberg\/wp-content\/uploads\/sites\/66\/2021\/05\/Sparkasse-U.-Randow_-scaled.jpg\",\"width\":2560,\"height\":1698},{\"@type\":\"BreadcrumbList\",\"@id\":\"https:\/\/www.azubicard.de\/baden-wuerttemberg\/2021\/05\/04\/sparkasse-uecker-randow\/#breadcrumb\",\"itemListElement\":[{\"@type\":\"ListItem\",\"position\":1,\"name\":\"Startseite\",\"item\":\"https:\/\/www.azubicard.de\/baden-wuerttemberg\/\"},{\"@type\":\"ListItem\",\"position\":2,\"name\":\"Deine Sparkasse Uecker-Randow\"}]},{\"@type\":\"WebSite\",\"@id\":\"https:\/\/www.azubicard.de\/baden-wuerttemberg\/#website\",\"url\":\"https:\/\/www.azubicard.de\/baden-wuerttemberg\/\",\"name\":\"AzubiCard Baden-W\u00fcrttemberg\",\"description\":\"Eine weitere AzubiCard Website\",\"potentialAction\":[{\"@type\":\"SearchAction\",\"target\":{\"@type\":\"EntryPoint\",\"urlTemplate\":\"https:\/\/www.azubicard.de\/baden-wuerttemberg\/?s={search_term_string}\"},\"query-input\":{\"@type\":\"PropertyValueSpecification\",\"valueRequired\":true,\"valueName\":\"search_term_string\"}}],\"inLanguage\":\"de\"},{\"@type\":\"Person\",\"@id\":\"https:\/\/www.azubicard.de\/baden-wuerttemberg\/#\/schema\/person\/8b1f3959cd069a6296d481b235e4f83f\",\"name\":\"ihkneubrandenburg\",\"image\":{\"@type\":\"ImageObject\",\"inLanguage\":\"de\",\"@id\":\"https:\/\/www.azubicard.de\/baden-wuerttemberg\/#\/schema\/person\/image\/\",\"url\":\"https:\/\/secure.gravatar.com\/avatar\/6aa5cce094a51923490bd651eeae4b2b177877cf0c1b51f42ffeed71786fed2d?s=96&d=mm&r=g\",\"contentUrl\":\"https:\/\/secure.gravatar.com\/avatar\/6aa5cce094a51923490bd651eeae4b2b177877cf0c1b51f42ffeed71786fed2d?s=96&d=mm&r=g\",\"caption\":\"ihkneubrandenburg\"},\"url\":\"https:\/\/www.azubicard.de\/baden-wuerttemberg\/author\/ihkneubrandenburg\/\"}]}<\/script>\n<!-- \/ Yoast SEO plugin. -->","yoast_head_json":{"title":"Deine Sparkasse Uecker-Randow - AzubiCard Baden-W\u00fcrttemberg","robots":{"index":"index","follow":"follow","max-snippet":"max-snippet:-1","max-image-preview":"max-image-preview:large","max-video-preview":"max-video-preview:-1"},"canonical":"https:\/\/www.azubicard.de\/baden-wuerttemberg\/2021\/05\/04\/sparkasse-uecker-randow\/","og_locale":"de_DE","og_type":"article","og_title":"Deine Sparkasse Uecker-Randow - AzubiCard Baden-W\u00fcrttemberg","og_description":"Dein kostenfreies Girokonto und zus\u00e4tzlich ein cooles Ladekabel f\u00fcr Deine mobilen Endger\u00e4te \u2192 Besuche uns in einer der acht Filialen der Sparkasse Uecker-Randow","og_url":"https:\/\/www.azubicard.de\/baden-wuerttemberg\/2021\/05\/04\/sparkasse-uecker-randow\/","og_site_name":"AzubiCard Baden-W\u00fcrttemberg","article_published_time":"2021-05-04T09:27:41+00:00","article_modified_time":"2021-11-12T07:38:04+00:00","og_image":[{"width":2560,"height":1698,"url":"https:\/\/www.azubicard.de\/baden-wuerttemberg\/wp-content\/uploads\/sites\/66\/2021\/05\/Sparkasse-U.-Randow_-scaled.jpg","type":"image\/jpeg"}],"author":"ihkneubrandenburg","twitter_card":"summary_large_image","twitter_misc":{"Verfasst von":"ihkneubrandenburg","Gesch\u00e4tzte Lesezeit":"1\u00a0Minute"},"schema":{"@context":"https:\/\/schema.org","@graph":[{"@type":"WebPage","@id":"https:\/\/www.azubicard.de\/baden-wuerttemberg\/2021\/05\/04\/sparkasse-uecker-randow\/","url":"https:\/\/www.azubicard.de\/baden-wuerttemberg\/2021\/05\/04\/sparkasse-uecker-randow\/","name":"Deine Sparkasse Uecker-Randow - AzubiCard Baden-W\u00fcrttemberg","isPartOf":{"@id":"https:\/\/www.azubicard.de\/baden-wuerttemberg\/#website"},"primaryImageOfPage":{"@id":"https:\/\/www.azubicard.de\/baden-wuerttemberg\/2021\/05\/04\/sparkasse-uecker-randow\/#primaryimage"},"image":{"@id":"https:\/\/www.azubicard.de\/baden-wuerttemberg\/2021\/05\/04\/sparkasse-uecker-randow\/#primaryimage"},"thumbnailUrl":"https:\/\/www.azubicard.de\/baden-wuerttemberg\/wp-content\/uploads\/sites\/66\/2021\/05\/Sparkasse-U.-Randow_-scaled.jpg","datePublished":"2021-05-04T09:27:41+00:00","dateModified":"2021-11-12T07:38:04+00:00","author":{"@id":"https:\/\/www.azubicard.de\/baden-wuerttemberg\/#\/schema\/person\/8b1f3959cd069a6296d481b235e4f83f"},"breadcrumb":{"@id":"https:\/\/www.azubicard.de\/baden-wuerttemberg\/2021\/05\/04\/sparkasse-uecker-randow\/#breadcrumb"},"inLanguage":"de","potentialAction":[{"@type":"ReadAction","target":["https:\/\/www.azubicard.de\/baden-wuerttemberg\/2021\/05\/04\/sparkasse-uecker-randow\/"]}]},{"@type":"ImageObject","inLanguage":"de","@id":"https:\/\/www.azubicard.de\/baden-wuerttemberg\/2021\/05\/04\/sparkasse-uecker-randow\/#primaryimage","url":"https:\/\/www.azubicard.de\/baden-wuerttemberg\/wp-content\/uploads\/sites\/66\/2021\/05\/Sparkasse-U.-Randow_-scaled.jpg","contentUrl":"https:\/\/www.azubicard.de\/baden-wuerttemberg\/wp-content\/uploads\/sites\/66\/2021\/05\/Sparkasse-U.-Randow_-scaled.jpg","width":2560,"height":1698},{"@type":"BreadcrumbList","@id":"https:\/\/www.azubicard.de\/baden-wuerttemberg\/2021\/05\/04\/sparkasse-uecker-randow\/#breadcrumb","itemListElement":[{"@type":"ListItem","position":1,"name":"Startseite","item":"https:\/\/www.azubicard.de\/baden-wuerttemberg\/"},{"@type":"ListItem","position":2,"name":"Deine Sparkasse Uecker-Randow"}]},{"@type":"WebSite","@id":"https:\/\/www.azubicard.de\/baden-wuerttemberg\/#website","url":"https:\/\/www.azubicard.de\/baden-wuerttemberg\/","name":"AzubiCard Baden-W\u00fcrttemberg","description":"Eine weitere AzubiCard Website","potentialAction":[{"@type":"SearchAction","target":{"@type":"EntryPoint","urlTemplate":"https:\/\/www.azubicard.de\/baden-wuerttemberg\/?s={search_term_string}"},"query-input":{"@type":"PropertyValueSpecification","valueRequired":true,"valueName":"search_term_string"}}],"inLanguage":"de"},{"@type":"Person","@id":"https:\/\/www.azubicard.de\/baden-wuerttemberg\/#\/schema\/person\/8b1f3959cd069a6296d481b235e4f83f","name":"ihkneubrandenburg","image":{"@type":"ImageObject","inLanguage":"de","@id":"https:\/\/www.azubicard.de\/baden-wuerttemberg\/#\/schema\/person\/image\/","url":"https:\/\/secure.gravatar.com\/avatar\/6aa5cce094a51923490bd651eeae4b2b177877cf0c1b51f42ffeed71786fed2d?s=96&d=mm&r=g","contentUrl":"https:\/\/secure.gravatar.com\/avatar\/6aa5cce094a51923490bd651eeae4b2b177877cf0c1b51f42ffeed71786fed2d?s=96&d=mm&r=g","caption":"ihkneubrandenburg"},"url":"https:\/\/www.azubicard.de\/baden-wuerttemberg\/author\/ihkneubrandenburg\/"}]}},"publishpress_future_action":{"enabled":false,"date":"2026-05-05 22:31:31","action":"change-status","newStatus":"draft","terms":[],"taxonomy":"category","extraData":[]},"publishpress_future_workflow_manual_trigger":{"enabledWorkflows":[]},"_links":{"self":[{"href":"https:\/\/www.azubicard.de\/baden-wuerttemberg\/wp-json\/wp\/v2\/posts\/14422","targetHints":{"allow":["GET"]}}],"collection":[{"href":"https:\/\/www.azubicard.de\/baden-wuerttemberg\/wp-json\/wp\/v2\/posts"}],"about":[{"href":"https:\/\/www.azubicard.de\/baden-wuerttemberg\/wp-json\/wp\/v2\/types\/post"}],"author":[{"embeddable":true,"href":"https:\/\/www.azubicard.de\/baden-wuerttemberg\/wp-json\/wp\/v2\/users\/20"}],"replies":[{"embeddable":true,"href":"https:\/\/www.azubicard.de\/baden-wuerttemberg\/wp-json\/wp\/v2\/comments?post=14422"}],"version-history":[{"count":1,"href":"https:\/\/www.azubicard.de\/baden-wuerttemberg\/wp-json\/wp\/v2\/posts\/14422\/revisions"}],"predecessor-version":[{"id":14423,"href":"https:\/\/www.azubicard.de\/baden-wuerttemberg\/wp-json\/wp\/v2\/posts\/14422\/revisions\/14423"}],"wp:featuredmedia":[{"embeddable":true,"href":"https:\/\/www.azubicard.de\/baden-wuerttemberg\/wp-json\/wp\/v2\/media\/10882"}],"wp:attachment":[{"href":"https:\/\/www.azubicard.de\/baden-wuerttemberg\/wp-json\/wp\/v2\/media?parent=14422"}],"wp:term":[{"taxonomy":"category","embeddable":true,"href":"https:\/\/www.azubicard.de\/baden-wuerttemberg\/wp-json\/wp\/v2\/categories?post=14422"},{"taxonomy":"post_tag","embeddable":true,"href":"https:\/\/www.azubicard.de\/baden-wuerttemberg\/wp-json\/wp\/v2\/tags?post=14422"}],"curies":[{"name":"wp","href":"https:\/\/api.w.org\/{rel}","templated":true}]}}