{"id":14800,"date":"2021-08-18T12:33:34","date_gmt":"2021-08-18T11:33:34","guid":{"rendered":"https:\/\/www.azubicard.de\/baden-wuerttemberg\/?p=14800"},"modified":"2021-11-19T13:17:18","modified_gmt":"2021-11-19T12:17:18","slug":"ein-kleines-produkt-in-reisegroesse","status":"publish","type":"post","link":"https:\/\/www.azubicard.de\/baden-wuerttemberg\/2021\/08\/18\/ein-kleines-produkt-in-reisegroesse\/","title":{"rendered":"Ein kleines Produkt in Reisegr\u00f6\u00dfe"},"content":{"rendered":"<p>Auszubildende erhalten bei mir ein Produkt der Serie Glynt in Reisegr\u00f6\u00dfe<\/p>\n","protected":false},"excerpt":{"rendered":"<p>Auszubildende erhalten bei mir ein Produkt der Serie Glynt in Reisegr\u00f6\u00dfe<\/p>\n","protected":false},"author":2,"featured_media":14925,"comment_status":"open","ping_status":"open","sticky":false,"template":"","format":"standard","meta":{"_acf_changed":false,"footnotes":""},"categories":[743,690,744],"tags":[746],"class_list":["post-14800","post","type-post","status-publish","format-standard","has-post-thumbnail","hentry","category-angebote-stuttgart","category-stuttgart","category-top-angebote-stuttgart","tag-beauty-wellness"],"acf":[],"yoast_head":"<!-- This site is optimized with the Yoast SEO plugin v25.5 - https:\/\/yoast.com\/wordpress\/plugins\/seo\/ -->\n<title>Ein kleines Produkt in Reisegr\u00f6\u00dfe - AzubiCard Baden-W\u00fcrttemberg<\/title>\n<meta name=\"robots\" content=\"index, follow, max-snippet:-1, max-image-preview:large, max-video-preview:-1\" \/>\n<link rel=\"canonical\" href=\"https:\/\/www.azubicard.de\/baden-wuerttemberg\/2021\/08\/18\/ein-kleines-produkt-in-reisegroesse\/\" \/>\n<meta property=\"og:locale\" content=\"de_DE\" \/>\n<meta property=\"og:type\" content=\"article\" \/>\n<meta property=\"og:title\" content=\"Ein kleines Produkt in Reisegr\u00f6\u00dfe - AzubiCard Baden-W\u00fcrttemberg\" \/>\n<meta property=\"og:description\" content=\"Auszubildende erhalten bei mir ein Produkt der Serie Glynt in Reisegr\u00f6\u00dfe\" \/>\n<meta property=\"og:url\" content=\"https:\/\/www.azubicard.de\/baden-wuerttemberg\/2021\/08\/18\/ein-kleines-produkt-in-reisegroesse\/\" \/>\n<meta property=\"og:site_name\" content=\"AzubiCard Baden-W\u00fcrttemberg\" \/>\n<meta property=\"article:published_time\" content=\"2021-08-18T11:33:34+00:00\" \/>\n<meta property=\"article:modified_time\" content=\"2021-11-19T12:17:18+00:00\" \/>\n<meta property=\"og:image\" content=\"https:\/\/www.azubicard.de\/baden-wuerttemberg\/wp-content\/uploads\/sites\/66\/2021\/08\/Roland-Benz-Frisuren-Logo.jpeg\" \/>\n\t<meta property=\"og:image:width\" content=\"665\" \/>\n\t<meta property=\"og:image:height\" content=\"288\" \/>\n\t<meta property=\"og:image:type\" content=\"image\/jpeg\" \/>\n<meta name=\"author\" content=\"newmedialabs\" \/>\n<meta name=\"twitter:card\" content=\"summary_large_image\" \/>\n<meta name=\"twitter:label1\" content=\"Verfasst von\" \/>\n\t<meta name=\"twitter:data1\" content=\"newmedialabs\" \/>\n\t<meta name=\"twitter:label2\" content=\"Gesch\u00e4tzte Lesezeit\" \/>\n\t<meta name=\"twitter:data2\" content=\"1\u00a0Minute\" \/>\n<script type=\"application\/ld+json\" class=\"yoast-schema-graph\">{\"@context\":\"https:\/\/schema.org\",\"@graph\":[{\"@type\":\"WebPage\",\"@id\":\"https:\/\/www.azubicard.de\/baden-wuerttemberg\/2021\/08\/18\/ein-kleines-produkt-in-reisegroesse\/\",\"url\":\"https:\/\/www.azubicard.de\/baden-wuerttemberg\/2021\/08\/18\/ein-kleines-produkt-in-reisegroesse\/\",\"name\":\"Ein kleines Produkt in Reisegr\u00f6\u00dfe - AzubiCard Baden-W\u00fcrttemberg\",\"isPartOf\":{\"@id\":\"https:\/\/www.azubicard.de\/baden-wuerttemberg\/#website\"},\"primaryImageOfPage\":{\"@id\":\"https:\/\/www.azubicard.de\/baden-wuerttemberg\/2021\/08\/18\/ein-kleines-produkt-in-reisegroesse\/#primaryimage\"},\"image\":{\"@id\":\"https:\/\/www.azubicard.de\/baden-wuerttemberg\/2021\/08\/18\/ein-kleines-produkt-in-reisegroesse\/#primaryimage\"},\"thumbnailUrl\":\"https:\/\/www.azubicard.de\/baden-wuerttemberg\/wp-content\/uploads\/sites\/66\/2021\/08\/Roland-Benz-Frisuren-Logo.jpeg\",\"datePublished\":\"2021-08-18T11:33:34+00:00\",\"dateModified\":\"2021-11-19T12:17:18+00:00\",\"author\":{\"@id\":\"https:\/\/www.azubicard.de\/baden-wuerttemberg\/#\/schema\/person\/04ed6c5ee3f85d438f77d70b59ad8240\"},\"breadcrumb\":{\"@id\":\"https:\/\/www.azubicard.de\/baden-wuerttemberg\/2021\/08\/18\/ein-kleines-produkt-in-reisegroesse\/#breadcrumb\"},\"inLanguage\":\"de\",\"potentialAction\":[{\"@type\":\"ReadAction\",\"target\":[\"https:\/\/www.azubicard.de\/baden-wuerttemberg\/2021\/08\/18\/ein-kleines-produkt-in-reisegroesse\/\"]}]},{\"@type\":\"ImageObject\",\"inLanguage\":\"de\",\"@id\":\"https:\/\/www.azubicard.de\/baden-wuerttemberg\/2021\/08\/18\/ein-kleines-produkt-in-reisegroesse\/#primaryimage\",\"url\":\"https:\/\/www.azubicard.de\/baden-wuerttemberg\/wp-content\/uploads\/sites\/66\/2021\/08\/Roland-Benz-Frisuren-Logo.jpeg\",\"contentUrl\":\"https:\/\/www.azubicard.de\/baden-wuerttemberg\/wp-content\/uploads\/sites\/66\/2021\/08\/Roland-Benz-Frisuren-Logo.jpeg\",\"width\":665,\"height\":288,\"caption\":\"Roland Benz Frisuren Logo\"},{\"@type\":\"BreadcrumbList\",\"@id\":\"https:\/\/www.azubicard.de\/baden-wuerttemberg\/2021\/08\/18\/ein-kleines-produkt-in-reisegroesse\/#breadcrumb\",\"itemListElement\":[{\"@type\":\"ListItem\",\"position\":1,\"name\":\"Startseite\",\"item\":\"https:\/\/www.azubicard.de\/baden-wuerttemberg\/\"},{\"@type\":\"ListItem\",\"position\":2,\"name\":\"Ein kleines Produkt in Reisegr\u00f6\u00dfe\"}]},{\"@type\":\"WebSite\",\"@id\":\"https:\/\/www.azubicard.de\/baden-wuerttemberg\/#website\",\"url\":\"https:\/\/www.azubicard.de\/baden-wuerttemberg\/\",\"name\":\"AzubiCard Baden-W\u00fcrttemberg\",\"description\":\"Eine weitere AzubiCard Website\",\"potentialAction\":[{\"@type\":\"SearchAction\",\"target\":{\"@type\":\"EntryPoint\",\"urlTemplate\":\"https:\/\/www.azubicard.de\/baden-wuerttemberg\/?s={search_term_string}\"},\"query-input\":{\"@type\":\"PropertyValueSpecification\",\"valueRequired\":true,\"valueName\":\"search_term_string\"}}],\"inLanguage\":\"de\"},{\"@type\":\"Person\",\"@id\":\"https:\/\/www.azubicard.de\/baden-wuerttemberg\/#\/schema\/person\/04ed6c5ee3f85d438f77d70b59ad8240\",\"name\":\"newmedialabs\",\"image\":{\"@type\":\"ImageObject\",\"inLanguage\":\"de\",\"@id\":\"https:\/\/www.azubicard.de\/baden-wuerttemberg\/#\/schema\/person\/image\/\",\"url\":\"https:\/\/secure.gravatar.com\/avatar\/61edca5e904cf4237abd51dfd5ed3f61aa79989c3dd21586506a37bdd4ba58ba?s=96&d=mm&r=g\",\"contentUrl\":\"https:\/\/secure.gravatar.com\/avatar\/61edca5e904cf4237abd51dfd5ed3f61aa79989c3dd21586506a37bdd4ba58ba?s=96&d=mm&r=g\",\"caption\":\"newmedialabs\"},\"url\":\"https:\/\/www.azubicard.de\/baden-wuerttemberg\/author\/newmedialabs\/\"}]}<\/script>\n<!-- \/ Yoast SEO plugin. -->","yoast_head_json":{"title":"Ein kleines Produkt in Reisegr\u00f6\u00dfe - AzubiCard Baden-W\u00fcrttemberg","robots":{"index":"index","follow":"follow","max-snippet":"max-snippet:-1","max-image-preview":"max-image-preview:large","max-video-preview":"max-video-preview:-1"},"canonical":"https:\/\/www.azubicard.de\/baden-wuerttemberg\/2021\/08\/18\/ein-kleines-produkt-in-reisegroesse\/","og_locale":"de_DE","og_type":"article","og_title":"Ein kleines Produkt in Reisegr\u00f6\u00dfe - AzubiCard Baden-W\u00fcrttemberg","og_description":"Auszubildende erhalten bei mir ein Produkt der Serie Glynt in Reisegr\u00f6\u00dfe","og_url":"https:\/\/www.azubicard.de\/baden-wuerttemberg\/2021\/08\/18\/ein-kleines-produkt-in-reisegroesse\/","og_site_name":"AzubiCard Baden-W\u00fcrttemberg","article_published_time":"2021-08-18T11:33:34+00:00","article_modified_time":"2021-11-19T12:17:18+00:00","og_image":[{"width":665,"height":288,"url":"https:\/\/www.azubicard.de\/baden-wuerttemberg\/wp-content\/uploads\/sites\/66\/2021\/08\/Roland-Benz-Frisuren-Logo.jpeg","type":"image\/jpeg"}],"author":"newmedialabs","twitter_card":"summary_large_image","twitter_misc":{"Verfasst von":"newmedialabs","Gesch\u00e4tzte Lesezeit":"1\u00a0Minute"},"schema":{"@context":"https:\/\/schema.org","@graph":[{"@type":"WebPage","@id":"https:\/\/www.azubicard.de\/baden-wuerttemberg\/2021\/08\/18\/ein-kleines-produkt-in-reisegroesse\/","url":"https:\/\/www.azubicard.de\/baden-wuerttemberg\/2021\/08\/18\/ein-kleines-produkt-in-reisegroesse\/","name":"Ein kleines Produkt in Reisegr\u00f6\u00dfe - AzubiCard Baden-W\u00fcrttemberg","isPartOf":{"@id":"https:\/\/www.azubicard.de\/baden-wuerttemberg\/#website"},"primaryImageOfPage":{"@id":"https:\/\/www.azubicard.de\/baden-wuerttemberg\/2021\/08\/18\/ein-kleines-produkt-in-reisegroesse\/#primaryimage"},"image":{"@id":"https:\/\/www.azubicard.de\/baden-wuerttemberg\/2021\/08\/18\/ein-kleines-produkt-in-reisegroesse\/#primaryimage"},"thumbnailUrl":"https:\/\/www.azubicard.de\/baden-wuerttemberg\/wp-content\/uploads\/sites\/66\/2021\/08\/Roland-Benz-Frisuren-Logo.jpeg","datePublished":"2021-08-18T11:33:34+00:00","dateModified":"2021-11-19T12:17:18+00:00","author":{"@id":"https:\/\/www.azubicard.de\/baden-wuerttemberg\/#\/schema\/person\/04ed6c5ee3f85d438f77d70b59ad8240"},"breadcrumb":{"@id":"https:\/\/www.azubicard.de\/baden-wuerttemberg\/2021\/08\/18\/ein-kleines-produkt-in-reisegroesse\/#breadcrumb"},"inLanguage":"de","potentialAction":[{"@type":"ReadAction","target":["https:\/\/www.azubicard.de\/baden-wuerttemberg\/2021\/08\/18\/ein-kleines-produkt-in-reisegroesse\/"]}]},{"@type":"ImageObject","inLanguage":"de","@id":"https:\/\/www.azubicard.de\/baden-wuerttemberg\/2021\/08\/18\/ein-kleines-produkt-in-reisegroesse\/#primaryimage","url":"https:\/\/www.azubicard.de\/baden-wuerttemberg\/wp-content\/uploads\/sites\/66\/2021\/08\/Roland-Benz-Frisuren-Logo.jpeg","contentUrl":"https:\/\/www.azubicard.de\/baden-wuerttemberg\/wp-content\/uploads\/sites\/66\/2021\/08\/Roland-Benz-Frisuren-Logo.jpeg","width":665,"height":288,"caption":"Roland Benz Frisuren Logo"},{"@type":"BreadcrumbList","@id":"https:\/\/www.azubicard.de\/baden-wuerttemberg\/2021\/08\/18\/ein-kleines-produkt-in-reisegroesse\/#breadcrumb","itemListElement":[{"@type":"ListItem","position":1,"name":"Startseite","item":"https:\/\/www.azubicard.de\/baden-wuerttemberg\/"},{"@type":"ListItem","position":2,"name":"Ein kleines Produkt in Reisegr\u00f6\u00dfe"}]},{"@type":"WebSite","@id":"https:\/\/www.azubicard.de\/baden-wuerttemberg\/#website","url":"https:\/\/www.azubicard.de\/baden-wuerttemberg\/","name":"AzubiCard Baden-W\u00fcrttemberg","description":"Eine weitere AzubiCard Website","potentialAction":[{"@type":"SearchAction","target":{"@type":"EntryPoint","urlTemplate":"https:\/\/www.azubicard.de\/baden-wuerttemberg\/?s={search_term_string}"},"query-input":{"@type":"PropertyValueSpecification","valueRequired":true,"valueName":"search_term_string"}}],"inLanguage":"de"},{"@type":"Person","@id":"https:\/\/www.azubicard.de\/baden-wuerttemberg\/#\/schema\/person\/04ed6c5ee3f85d438f77d70b59ad8240","name":"newmedialabs","image":{"@type":"ImageObject","inLanguage":"de","@id":"https:\/\/www.azubicard.de\/baden-wuerttemberg\/#\/schema\/person\/image\/","url":"https:\/\/secure.gravatar.com\/avatar\/61edca5e904cf4237abd51dfd5ed3f61aa79989c3dd21586506a37bdd4ba58ba?s=96&d=mm&r=g","contentUrl":"https:\/\/secure.gravatar.com\/avatar\/61edca5e904cf4237abd51dfd5ed3f61aa79989c3dd21586506a37bdd4ba58ba?s=96&d=mm&r=g","caption":"newmedialabs"},"url":"https:\/\/www.azubicard.de\/baden-wuerttemberg\/author\/newmedialabs\/"}]}},"publishpress_future_action":{"enabled":false,"date":"2026-05-10 14:32:55","action":"change-status","newStatus":"draft","terms":[],"taxonomy":"category","extraData":[]},"publishpress_future_workflow_manual_trigger":{"enabledWorkflows":[]},"_links":{"self":[{"href":"https:\/\/www.azubicard.de\/baden-wuerttemberg\/wp-json\/wp\/v2\/posts\/14800","targetHints":{"allow":["GET"]}}],"collection":[{"href":"https:\/\/www.azubicard.de\/baden-wuerttemberg\/wp-json\/wp\/v2\/posts"}],"about":[{"href":"https:\/\/www.azubicard.de\/baden-wuerttemberg\/wp-json\/wp\/v2\/types\/post"}],"author":[{"embeddable":true,"href":"https:\/\/www.azubicard.de\/baden-wuerttemberg\/wp-json\/wp\/v2\/users\/2"}],"replies":[{"embeddable":true,"href":"https:\/\/www.azubicard.de\/baden-wuerttemberg\/wp-json\/wp\/v2\/comments?post=14800"}],"version-history":[{"count":1,"href":"https:\/\/www.azubicard.de\/baden-wuerttemberg\/wp-json\/wp\/v2\/posts\/14800\/revisions"}],"predecessor-version":[{"id":14801,"href":"https:\/\/www.azubicard.de\/baden-wuerttemberg\/wp-json\/wp\/v2\/posts\/14800\/revisions\/14801"}],"wp:featuredmedia":[{"embeddable":true,"href":"https:\/\/www.azubicard.de\/baden-wuerttemberg\/wp-json\/wp\/v2\/media\/14925"}],"wp:attachment":[{"href":"https:\/\/www.azubicard.de\/baden-wuerttemberg\/wp-json\/wp\/v2\/media?parent=14800"}],"wp:term":[{"taxonomy":"category","embeddable":true,"href":"https:\/\/www.azubicard.de\/baden-wuerttemberg\/wp-json\/wp\/v2\/categories?post=14800"},{"taxonomy":"post_tag","embeddable":true,"href":"https:\/\/www.azubicard.de\/baden-wuerttemberg\/wp-json\/wp\/v2\/tags?post=14800"}],"curies":[{"name":"wp","href":"https:\/\/api.w.org\/{rel}","templated":true}]}}