{"id":15151,"date":"2021-08-25T17:02:59","date_gmt":"2021-08-25T15:02:59","guid":{"rendered":"https:\/\/www.azubicard.de\/baden-wuerttemberg\/?p=15151"},"modified":"2021-11-19T13:11:57","modified_gmt":"2021-11-19T12:11:57","slug":"erhalte-exlusiv-5-rabatt-auf-alle-festtagskarten-inkl-fachkundiger-beratung-und-musterkollektion","status":"publish","type":"post","link":"https:\/\/www.azubicard.de\/baden-wuerttemberg\/2021\/08\/25\/erhalte-exlusiv-5-rabatt-auf-alle-festtagskarten-inkl-fachkundiger-beratung-und-musterkollektion\/","title":{"rendered":"Erhalte exlusiv 5% Rabatt auf alle Festtagskarten \u2013 inkl. fachkundiger Beratung und Musterkollektion"},"content":{"rendered":"<p>Seit 1994 stehen wir unseren Kunden in Lohmar und Umgebung mit allen Leistungen rund um Ihre Drucksachen mit Rat und Tat zur Seite. Bedingt durch st\u00e4ndig ge\u00e4nderte Kunden-Anforderungen und Marktgegebenheiten im Druck- und Digitaldruckbereich haben wir mit entsprechenden Investitionen reagiert.<\/p>\n<p>Um Ihren ganz besonderen Tag perfekt anzuk\u00fcndigen, stehen wir Ihnen gerne zur Verf\u00fcgung und unterst\u00fctzen Sie bei der Suche nach Ihren gew\u00fcnschten Karten. Daf\u00fcr nehmen wir uns gerne Zeit und stehen Ihnen mit fachm\u00e4nnischer Beratung zur Seite. Ob klassisch oder au\u00dfergew\u00f6hnlich \u2013 wir finden die passende Karte f\u00fcr Sie!<\/p>\n<p>Eine Musterkollektion mit einer Vielfalt an Vorschl\u00e4gen wartet auf Sie. Und wenn Sie nicht das Passende finden sollten, gestalten wir Ihre Karte nach pers\u00f6nlichen Vorstellungen.<\/p>\n<p>Einschr\u00e4nkungen:<br \/>\nGilt nur f\u00fcr Auszubildende mit Vorlage der AzubiCard!<br \/>\n<img loading=\"lazy\" decoding=\"async\" class=\"alignnone size-medium wp-image-15152\" src=\"https:\/\/www.azubicard.de\/baden-wuerttemberg\/wp-content\/uploads\/sites\/66\/2021\/08\/Textildruck-300x194.png\" alt=\"\" width=\"300\" height=\"194\" srcset=\"https:\/\/www.azubicard.de\/baden-wuerttemberg\/wp-content\/uploads\/sites\/66\/2021\/08\/Textildruck-300x194.png 300w, https:\/\/www.azubicard.de\/baden-wuerttemberg\/wp-content\/uploads\/sites\/66\/2021\/08\/Textildruck-1024x662.png 1024w, https:\/\/www.azubicard.de\/baden-wuerttemberg\/wp-content\/uploads\/sites\/66\/2021\/08\/Textildruck-768x496.png 768w, https:\/\/www.azubicard.de\/baden-wuerttemberg\/wp-content\/uploads\/sites\/66\/2021\/08\/Textildruck.png 1500w\" sizes=\"auto, (max-width: 300px) 100vw, 300px\" \/> <img loading=\"lazy\" decoding=\"async\" class=\"alignnone size-medium wp-image-15153\" src=\"https:\/\/www.azubicard.de\/baden-wuerttemberg\/wp-content\/uploads\/sites\/66\/2021\/08\/Plaene-300x194.png\" alt=\"\" width=\"300\" height=\"194\" srcset=\"https:\/\/www.azubicard.de\/baden-wuerttemberg\/wp-content\/uploads\/sites\/66\/2021\/08\/Plaene-300x194.png 300w, https:\/\/www.azubicard.de\/baden-wuerttemberg\/wp-content\/uploads\/sites\/66\/2021\/08\/Plaene-1024x662.png 1024w, https:\/\/www.azubicard.de\/baden-wuerttemberg\/wp-content\/uploads\/sites\/66\/2021\/08\/Plaene-768x496.png 768w, https:\/\/www.azubicard.de\/baden-wuerttemberg\/wp-content\/uploads\/sites\/66\/2021\/08\/Plaene.png 1500w\" sizes=\"auto, (max-width: 300px) 100vw, 300px\" \/><img loading=\"lazy\" decoding=\"async\" class=\"alignnone size-medium wp-image-15155\" src=\"https:\/\/www.azubicard.de\/baden-wuerttemberg\/wp-content\/uploads\/sites\/66\/2021\/08\/Hochzeitskarte-300x194.png\" alt=\"\" width=\"300\" height=\"194\" srcset=\"https:\/\/www.azubicard.de\/baden-wuerttemberg\/wp-content\/uploads\/sites\/66\/2021\/08\/Hochzeitskarte-300x194.png 300w, https:\/\/www.azubicard.de\/baden-wuerttemberg\/wp-content\/uploads\/sites\/66\/2021\/08\/Hochzeitskarte-1024x662.png 1024w, https:\/\/www.azubicard.de\/baden-wuerttemberg\/wp-content\/uploads\/sites\/66\/2021\/08\/Hochzeitskarte-768x496.png 768w, https:\/\/www.azubicard.de\/baden-wuerttemberg\/wp-content\/uploads\/sites\/66\/2021\/08\/Hochzeitskarte.png 1500w\" sizes=\"auto, (max-width: 300px) 100vw, 300px\" \/> <img loading=\"lazy\" decoding=\"async\" class=\"alignnone size-medium wp-image-15156\" src=\"https:\/\/www.azubicard.de\/baden-wuerttemberg\/wp-content\/uploads\/sites\/66\/2021\/08\/Farben-300x194.png\" alt=\"\" width=\"300\" height=\"194\" srcset=\"https:\/\/www.azubicard.de\/baden-wuerttemberg\/wp-content\/uploads\/sites\/66\/2021\/08\/Farben-300x194.png 300w, https:\/\/www.azubicard.de\/baden-wuerttemberg\/wp-content\/uploads\/sites\/66\/2021\/08\/Farben-1024x662.png 1024w, https:\/\/www.azubicard.de\/baden-wuerttemberg\/wp-content\/uploads\/sites\/66\/2021\/08\/Farben-768x496.png 768w, https:\/\/www.azubicard.de\/baden-wuerttemberg\/wp-content\/uploads\/sites\/66\/2021\/08\/Farben.png 1500w\" sizes=\"auto, (max-width: 300px) 100vw, 300px\" \/><\/p>\n","protected":false},"excerpt":{"rendered":"<p>Seit 1994 stehen wir unseren Kunden in Lohmar und Umgebung mit allen Leistungen rund um Ihre Drucksachen mit Rat und Tat zur Seite. Bedingt durch st\u00e4ndig ge\u00e4nderte Kunden-Anforderungen und Marktgegebenheiten im Druck- und Digitaldruckbereich haben wir mit entsprechenden Investitionen reagiert. Um Ihren ganz besonderen Tag&#8230;<\/p>\n","protected":false},"author":35,"featured_media":15157,"comment_status":"open","ping_status":"open","sticky":false,"template":"","format":"standard","meta":{"_acf_changed":false,"footnotes":""},"categories":[736,733,737],"tags":[79],"class_list":["post-15151","post","type-post","status-publish","format-standard","has-post-thumbnail","hentry","category-angebote-bonn-rhein-sieg","category-bonn-rhein-sieg","category-top-angebote-bonn-rhein-sieg","tag-freizeit"],"acf":[],"yoast_head":"<!-- This site is optimized with the Yoast SEO plugin v25.5 - https:\/\/yoast.com\/wordpress\/plugins\/seo\/ -->\n<title>Erhalte exlusiv 5% Rabatt auf alle Festtagskarten \u2013 inkl. fachkundiger Beratung und Musterkollektion - AzubiCard Baden-W\u00fcrttemberg<\/title>\n<meta name=\"robots\" content=\"index, follow, max-snippet:-1, max-image-preview:large, max-video-preview:-1\" \/>\n<link rel=\"canonical\" href=\"https:\/\/www.azubicard.de\/baden-wuerttemberg\/2021\/08\/25\/erhalte-exlusiv-5-rabatt-auf-alle-festtagskarten-inkl-fachkundiger-beratung-und-musterkollektion\/\" \/>\n<meta property=\"og:locale\" content=\"de_DE\" \/>\n<meta property=\"og:type\" content=\"article\" \/>\n<meta property=\"og:title\" content=\"Erhalte exlusiv 5% Rabatt auf alle Festtagskarten \u2013 inkl. fachkundiger Beratung und Musterkollektion - AzubiCard Baden-W\u00fcrttemberg\" \/>\n<meta property=\"og:description\" content=\"Seit 1994 stehen wir unseren Kunden in Lohmar und Umgebung mit allen Leistungen rund um Ihre Drucksachen mit Rat und Tat zur Seite. Bedingt durch st\u00e4ndig ge\u00e4nderte Kunden-Anforderungen und Marktgegebenheiten im Druck- und Digitaldruckbereich haben wir mit entsprechenden Investitionen reagiert. Um Ihren ganz besonderen Tag...\" \/>\n<meta property=\"og:url\" content=\"https:\/\/www.azubicard.de\/baden-wuerttemberg\/2021\/08\/25\/erhalte-exlusiv-5-rabatt-auf-alle-festtagskarten-inkl-fachkundiger-beratung-und-musterkollektion\/\" \/>\n<meta property=\"og:site_name\" content=\"AzubiCard Baden-W\u00fcrttemberg\" \/>\n<meta property=\"article:published_time\" content=\"2021-08-25T15:02:59+00:00\" \/>\n<meta property=\"article:modified_time\" content=\"2021-11-19T12:11:57+00:00\" \/>\n<meta property=\"og:image\" content=\"https:\/\/www.azubicard.de\/baden-wuerttemberg\/wp-content\/uploads\/sites\/66\/2021\/08\/Azubi-1.jpg\" \/>\n\t<meta property=\"og:image:width\" content=\"2447\" \/>\n\t<meta property=\"og:image:height\" content=\"1397\" \/>\n\t<meta property=\"og:image:type\" content=\"image\/jpeg\" \/>\n<meta name=\"author\" content=\"bonnrheinsieg\" \/>\n<meta name=\"twitter:card\" content=\"summary_large_image\" \/>\n<meta name=\"twitter:label1\" content=\"Verfasst von\" \/>\n\t<meta name=\"twitter:data1\" content=\"bonnrheinsieg\" \/>\n\t<meta name=\"twitter:label2\" content=\"Gesch\u00e4tzte Lesezeit\" \/>\n\t<meta name=\"twitter:data2\" content=\"2\u00a0Minuten\" \/>\n<script type=\"application\/ld+json\" class=\"yoast-schema-graph\">{\"@context\":\"https:\/\/schema.org\",\"@graph\":[{\"@type\":\"WebPage\",\"@id\":\"https:\/\/www.azubicard.de\/baden-wuerttemberg\/2021\/08\/25\/erhalte-exlusiv-5-rabatt-auf-alle-festtagskarten-inkl-fachkundiger-beratung-und-musterkollektion\/\",\"url\":\"https:\/\/www.azubicard.de\/baden-wuerttemberg\/2021\/08\/25\/erhalte-exlusiv-5-rabatt-auf-alle-festtagskarten-inkl-fachkundiger-beratung-und-musterkollektion\/\",\"name\":\"Erhalte exlusiv 5% Rabatt auf alle Festtagskarten \u2013 inkl. fachkundiger Beratung und Musterkollektion - AzubiCard Baden-W\u00fcrttemberg\",\"isPartOf\":{\"@id\":\"https:\/\/www.azubicard.de\/baden-wuerttemberg\/#website\"},\"primaryImageOfPage\":{\"@id\":\"https:\/\/www.azubicard.de\/baden-wuerttemberg\/2021\/08\/25\/erhalte-exlusiv-5-rabatt-auf-alle-festtagskarten-inkl-fachkundiger-beratung-und-musterkollektion\/#primaryimage\"},\"image\":{\"@id\":\"https:\/\/www.azubicard.de\/baden-wuerttemberg\/2021\/08\/25\/erhalte-exlusiv-5-rabatt-auf-alle-festtagskarten-inkl-fachkundiger-beratung-und-musterkollektion\/#primaryimage\"},\"thumbnailUrl\":\"https:\/\/www.azubicard.de\/baden-wuerttemberg\/wp-content\/uploads\/sites\/66\/2021\/08\/Azubi-1.jpg\",\"datePublished\":\"2021-08-25T15:02:59+00:00\",\"dateModified\":\"2021-11-19T12:11:57+00:00\",\"author\":{\"@id\":\"https:\/\/www.azubicard.de\/baden-wuerttemberg\/#\/schema\/person\/7733e4609343ff3e00c8551a0d497d0a\"},\"breadcrumb\":{\"@id\":\"https:\/\/www.azubicard.de\/baden-wuerttemberg\/2021\/08\/25\/erhalte-exlusiv-5-rabatt-auf-alle-festtagskarten-inkl-fachkundiger-beratung-und-musterkollektion\/#breadcrumb\"},\"inLanguage\":\"de\",\"potentialAction\":[{\"@type\":\"ReadAction\",\"target\":[\"https:\/\/www.azubicard.de\/baden-wuerttemberg\/2021\/08\/25\/erhalte-exlusiv-5-rabatt-auf-alle-festtagskarten-inkl-fachkundiger-beratung-und-musterkollektion\/\"]}]},{\"@type\":\"ImageObject\",\"inLanguage\":\"de\",\"@id\":\"https:\/\/www.azubicard.de\/baden-wuerttemberg\/2021\/08\/25\/erhalte-exlusiv-5-rabatt-auf-alle-festtagskarten-inkl-fachkundiger-beratung-und-musterkollektion\/#primaryimage\",\"url\":\"https:\/\/www.azubicard.de\/baden-wuerttemberg\/wp-content\/uploads\/sites\/66\/2021\/08\/Azubi-1.jpg\",\"contentUrl\":\"https:\/\/www.azubicard.de\/baden-wuerttemberg\/wp-content\/uploads\/sites\/66\/2021\/08\/Azubi-1.jpg\",\"width\":2447,\"height\":1397},{\"@type\":\"BreadcrumbList\",\"@id\":\"https:\/\/www.azubicard.de\/baden-wuerttemberg\/2021\/08\/25\/erhalte-exlusiv-5-rabatt-auf-alle-festtagskarten-inkl-fachkundiger-beratung-und-musterkollektion\/#breadcrumb\",\"itemListElement\":[{\"@type\":\"ListItem\",\"position\":1,\"name\":\"Startseite\",\"item\":\"https:\/\/www.azubicard.de\/baden-wuerttemberg\/\"},{\"@type\":\"ListItem\",\"position\":2,\"name\":\"Erhalte exlusiv 5% Rabatt auf alle Festtagskarten \u2013 inkl. fachkundiger Beratung und Musterkollektion\"}]},{\"@type\":\"WebSite\",\"@id\":\"https:\/\/www.azubicard.de\/baden-wuerttemberg\/#website\",\"url\":\"https:\/\/www.azubicard.de\/baden-wuerttemberg\/\",\"name\":\"AzubiCard Baden-W\u00fcrttemberg\",\"description\":\"Eine weitere AzubiCard Website\",\"potentialAction\":[{\"@type\":\"SearchAction\",\"target\":{\"@type\":\"EntryPoint\",\"urlTemplate\":\"https:\/\/www.azubicard.de\/baden-wuerttemberg\/?s={search_term_string}\"},\"query-input\":{\"@type\":\"PropertyValueSpecification\",\"valueRequired\":true,\"valueName\":\"search_term_string\"}}],\"inLanguage\":\"de\"},{\"@type\":\"Person\",\"@id\":\"https:\/\/www.azubicard.de\/baden-wuerttemberg\/#\/schema\/person\/7733e4609343ff3e00c8551a0d497d0a\",\"name\":\"bonnrheinsieg\",\"image\":{\"@type\":\"ImageObject\",\"inLanguage\":\"de\",\"@id\":\"https:\/\/www.azubicard.de\/baden-wuerttemberg\/#\/schema\/person\/image\/\",\"url\":\"https:\/\/secure.gravatar.com\/avatar\/a26f36be73444893518fb536a6fe594ca93d84f9c755a9e8f34570505c920747?s=96&d=mm&r=g\",\"contentUrl\":\"https:\/\/secure.gravatar.com\/avatar\/a26f36be73444893518fb536a6fe594ca93d84f9c755a9e8f34570505c920747?s=96&d=mm&r=g\",\"caption\":\"bonnrheinsieg\"},\"url\":\"https:\/\/www.azubicard.de\/baden-wuerttemberg\/author\/bonnrheinsieg\/\"}]}<\/script>\n<!-- \/ Yoast SEO plugin. -->","yoast_head_json":{"title":"Erhalte exlusiv 5% Rabatt auf alle Festtagskarten \u2013 inkl. fachkundiger Beratung und Musterkollektion - AzubiCard Baden-W\u00fcrttemberg","robots":{"index":"index","follow":"follow","max-snippet":"max-snippet:-1","max-image-preview":"max-image-preview:large","max-video-preview":"max-video-preview:-1"},"canonical":"https:\/\/www.azubicard.de\/baden-wuerttemberg\/2021\/08\/25\/erhalte-exlusiv-5-rabatt-auf-alle-festtagskarten-inkl-fachkundiger-beratung-und-musterkollektion\/","og_locale":"de_DE","og_type":"article","og_title":"Erhalte exlusiv 5% Rabatt auf alle Festtagskarten \u2013 inkl. fachkundiger Beratung und Musterkollektion - AzubiCard Baden-W\u00fcrttemberg","og_description":"Seit 1994 stehen wir unseren Kunden in Lohmar und Umgebung mit allen Leistungen rund um Ihre Drucksachen mit Rat und Tat zur Seite. Bedingt durch st\u00e4ndig ge\u00e4nderte Kunden-Anforderungen und Marktgegebenheiten im Druck- und Digitaldruckbereich haben wir mit entsprechenden Investitionen reagiert. Um Ihren ganz besonderen Tag...","og_url":"https:\/\/www.azubicard.de\/baden-wuerttemberg\/2021\/08\/25\/erhalte-exlusiv-5-rabatt-auf-alle-festtagskarten-inkl-fachkundiger-beratung-und-musterkollektion\/","og_site_name":"AzubiCard Baden-W\u00fcrttemberg","article_published_time":"2021-08-25T15:02:59+00:00","article_modified_time":"2021-11-19T12:11:57+00:00","og_image":[{"width":2447,"height":1397,"url":"https:\/\/www.azubicard.de\/baden-wuerttemberg\/wp-content\/uploads\/sites\/66\/2021\/08\/Azubi-1.jpg","type":"image\/jpeg"}],"author":"bonnrheinsieg","twitter_card":"summary_large_image","twitter_misc":{"Verfasst von":"bonnrheinsieg","Gesch\u00e4tzte Lesezeit":"2\u00a0Minuten"},"schema":{"@context":"https:\/\/schema.org","@graph":[{"@type":"WebPage","@id":"https:\/\/www.azubicard.de\/baden-wuerttemberg\/2021\/08\/25\/erhalte-exlusiv-5-rabatt-auf-alle-festtagskarten-inkl-fachkundiger-beratung-und-musterkollektion\/","url":"https:\/\/www.azubicard.de\/baden-wuerttemberg\/2021\/08\/25\/erhalte-exlusiv-5-rabatt-auf-alle-festtagskarten-inkl-fachkundiger-beratung-und-musterkollektion\/","name":"Erhalte exlusiv 5% Rabatt auf alle Festtagskarten \u2013 inkl. fachkundiger Beratung und Musterkollektion - AzubiCard Baden-W\u00fcrttemberg","isPartOf":{"@id":"https:\/\/www.azubicard.de\/baden-wuerttemberg\/#website"},"primaryImageOfPage":{"@id":"https:\/\/www.azubicard.de\/baden-wuerttemberg\/2021\/08\/25\/erhalte-exlusiv-5-rabatt-auf-alle-festtagskarten-inkl-fachkundiger-beratung-und-musterkollektion\/#primaryimage"},"image":{"@id":"https:\/\/www.azubicard.de\/baden-wuerttemberg\/2021\/08\/25\/erhalte-exlusiv-5-rabatt-auf-alle-festtagskarten-inkl-fachkundiger-beratung-und-musterkollektion\/#primaryimage"},"thumbnailUrl":"https:\/\/www.azubicard.de\/baden-wuerttemberg\/wp-content\/uploads\/sites\/66\/2021\/08\/Azubi-1.jpg","datePublished":"2021-08-25T15:02:59+00:00","dateModified":"2021-11-19T12:11:57+00:00","author":{"@id":"https:\/\/www.azubicard.de\/baden-wuerttemberg\/#\/schema\/person\/7733e4609343ff3e00c8551a0d497d0a"},"breadcrumb":{"@id":"https:\/\/www.azubicard.de\/baden-wuerttemberg\/2021\/08\/25\/erhalte-exlusiv-5-rabatt-auf-alle-festtagskarten-inkl-fachkundiger-beratung-und-musterkollektion\/#breadcrumb"},"inLanguage":"de","potentialAction":[{"@type":"ReadAction","target":["https:\/\/www.azubicard.de\/baden-wuerttemberg\/2021\/08\/25\/erhalte-exlusiv-5-rabatt-auf-alle-festtagskarten-inkl-fachkundiger-beratung-und-musterkollektion\/"]}]},{"@type":"ImageObject","inLanguage":"de","@id":"https:\/\/www.azubicard.de\/baden-wuerttemberg\/2021\/08\/25\/erhalte-exlusiv-5-rabatt-auf-alle-festtagskarten-inkl-fachkundiger-beratung-und-musterkollektion\/#primaryimage","url":"https:\/\/www.azubicard.de\/baden-wuerttemberg\/wp-content\/uploads\/sites\/66\/2021\/08\/Azubi-1.jpg","contentUrl":"https:\/\/www.azubicard.de\/baden-wuerttemberg\/wp-content\/uploads\/sites\/66\/2021\/08\/Azubi-1.jpg","width":2447,"height":1397},{"@type":"BreadcrumbList","@id":"https:\/\/www.azubicard.de\/baden-wuerttemberg\/2021\/08\/25\/erhalte-exlusiv-5-rabatt-auf-alle-festtagskarten-inkl-fachkundiger-beratung-und-musterkollektion\/#breadcrumb","itemListElement":[{"@type":"ListItem","position":1,"name":"Startseite","item":"https:\/\/www.azubicard.de\/baden-wuerttemberg\/"},{"@type":"ListItem","position":2,"name":"Erhalte exlusiv 5% Rabatt auf alle Festtagskarten \u2013 inkl. fachkundiger Beratung und Musterkollektion"}]},{"@type":"WebSite","@id":"https:\/\/www.azubicard.de\/baden-wuerttemberg\/#website","url":"https:\/\/www.azubicard.de\/baden-wuerttemberg\/","name":"AzubiCard Baden-W\u00fcrttemberg","description":"Eine weitere AzubiCard Website","potentialAction":[{"@type":"SearchAction","target":{"@type":"EntryPoint","urlTemplate":"https:\/\/www.azubicard.de\/baden-wuerttemberg\/?s={search_term_string}"},"query-input":{"@type":"PropertyValueSpecification","valueRequired":true,"valueName":"search_term_string"}}],"inLanguage":"de"},{"@type":"Person","@id":"https:\/\/www.azubicard.de\/baden-wuerttemberg\/#\/schema\/person\/7733e4609343ff3e00c8551a0d497d0a","name":"bonnrheinsieg","image":{"@type":"ImageObject","inLanguage":"de","@id":"https:\/\/www.azubicard.de\/baden-wuerttemberg\/#\/schema\/person\/image\/","url":"https:\/\/secure.gravatar.com\/avatar\/a26f36be73444893518fb536a6fe594ca93d84f9c755a9e8f34570505c920747?s=96&d=mm&r=g","contentUrl":"https:\/\/secure.gravatar.com\/avatar\/a26f36be73444893518fb536a6fe594ca93d84f9c755a9e8f34570505c920747?s=96&d=mm&r=g","caption":"bonnrheinsieg"},"url":"https:\/\/www.azubicard.de\/baden-wuerttemberg\/author\/bonnrheinsieg\/"}]}},"publishpress_future_action":{"enabled":false,"date":"2026-05-07 20:21:32","action":"change-status","newStatus":"draft","terms":[],"taxonomy":"category","extraData":[]},"publishpress_future_workflow_manual_trigger":{"enabledWorkflows":[]},"_links":{"self":[{"href":"https:\/\/www.azubicard.de\/baden-wuerttemberg\/wp-json\/wp\/v2\/posts\/15151","targetHints":{"allow":["GET"]}}],"collection":[{"href":"https:\/\/www.azubicard.de\/baden-wuerttemberg\/wp-json\/wp\/v2\/posts"}],"about":[{"href":"https:\/\/www.azubicard.de\/baden-wuerttemberg\/wp-json\/wp\/v2\/types\/post"}],"author":[{"embeddable":true,"href":"https:\/\/www.azubicard.de\/baden-wuerttemberg\/wp-json\/wp\/v2\/users\/35"}],"replies":[{"embeddable":true,"href":"https:\/\/www.azubicard.de\/baden-wuerttemberg\/wp-json\/wp\/v2\/comments?post=15151"}],"version-history":[{"count":7,"href":"https:\/\/www.azubicard.de\/baden-wuerttemberg\/wp-json\/wp\/v2\/posts\/15151\/revisions"}],"predecessor-version":[{"id":16994,"href":"https:\/\/www.azubicard.de\/baden-wuerttemberg\/wp-json\/wp\/v2\/posts\/15151\/revisions\/16994"}],"wp:featuredmedia":[{"embeddable":true,"href":"https:\/\/www.azubicard.de\/baden-wuerttemberg\/wp-json\/wp\/v2\/media\/15157"}],"wp:attachment":[{"href":"https:\/\/www.azubicard.de\/baden-wuerttemberg\/wp-json\/wp\/v2\/media?parent=15151"}],"wp:term":[{"taxonomy":"category","embeddable":true,"href":"https:\/\/www.azubicard.de\/baden-wuerttemberg\/wp-json\/wp\/v2\/categories?post=15151"},{"taxonomy":"post_tag","embeddable":true,"href":"https:\/\/www.azubicard.de\/baden-wuerttemberg\/wp-json\/wp\/v2\/tags?post=15151"}],"curies":[{"name":"wp","href":"https:\/\/api.w.org\/{rel}","templated":true}]}}