{"id":12431,"date":"2021-09-30T13:40:59","date_gmt":"2021-09-30T11:40:59","guid":{"rendered":"https:\/\/www.azubicard.de\/coburg\/?p=12431"},"modified":"2021-11-19T13:00:39","modified_gmt":"2021-11-19T12:00:39","slug":"volksverein-moenchengladbach","status":"publish","type":"post","link":"https:\/\/www.azubicard.de\/coburg\/2021\/09\/30\/volksverein-moenchengladbach\/","title":{"rendered":"Volksverein M\u00f6nchengladbach"},"content":{"rendered":"<p>Das bieten wir:<u><\/u><u><\/u><\/p>\n<p>Chice Second Hand Mode<br \/>\nGute Second Hand M\u00f6bel<br \/>\nSuper Second Hand Haushaltswaren<u><\/u><u><\/u><\/p>\n<p>5% Rabatt auf Kleidung, Hausrat, B\u00fccher und Deko, 10% Rabatt auf M\u00f6bel ab einem Einkaufswert von 50,-\u20ac.<\/p>\n\n\t\t<style type=\"text\/css\">\n\t\t\t#gallery-1 {\n\t\t\t\tmargin: auto;\n\t\t\t}\n\t\t\t#gallery-1 .gallery-item {\n\t\t\t\tfloat: left;\n\t\t\t\tmargin-top: 10px;\n\t\t\t\ttext-align: center;\n\t\t\t\twidth: 25%;\n\t\t\t}\n\t\t\t#gallery-1 img {\n\t\t\t\tborder: 2px solid #cfcfcf;\n\t\t\t}\n\t\t\t#gallery-1 .gallery-caption {\n\t\t\t\tmargin-left: 0;\n\t\t\t}\n\t\t\t\/* see gallery_shortcode() in wp-includes\/media.php *\/\n\t\t<\/style>\n\t\t<div id='gallery-1' class='gallery galleryid-12431 gallery-columns-4 gallery-size-medium'><dl class='gallery-item'>\n\t\t\t<dt class='gallery-icon portrait'>\n\t\t\t\t<a href='https:\/\/www.azubicard.de\/coburg\/2021\/09\/30\/volksverein-moenchengladbach\/fotos-moebel-30\/'><img loading=\"lazy\" decoding=\"async\" width=\"225\" height=\"300\" src=\"https:\/\/www.azubicard.de\/coburg\/wp-content\/uploads\/sites\/32\/2021\/09\/Fotos-Moebel-30-scaled-225x300.jpeg\" class=\"attachment-medium size-medium\" alt=\"Volksverein M\u00f6nchengladbach\" srcset=\"https:\/\/www.azubicard.de\/coburg\/wp-content\/uploads\/sites\/32\/2021\/09\/Fotos-Moebel-30-scaled-225x300.jpeg 225w, https:\/\/www.azubicard.de\/coburg\/wp-content\/uploads\/sites\/32\/2021\/09\/Fotos-Moebel-30-scaled-768x1024.jpeg 768w, https:\/\/www.azubicard.de\/coburg\/wp-content\/uploads\/sites\/32\/2021\/09\/Fotos-Moebel-30-scaled-1152x1536.jpeg 1152w, https:\/\/www.azubicard.de\/coburg\/wp-content\/uploads\/sites\/32\/2021\/09\/Fotos-Moebel-30-scaled-1536x2048.jpeg 1536w, https:\/\/www.azubicard.de\/coburg\/wp-content\/uploads\/sites\/32\/2021\/09\/Fotos-Moebel-30-scaled.jpeg 1920w\" sizes=\"auto, (max-width: 225px) 100vw, 225px\" \/><\/a>\n\t\t\t<\/dt><\/dl><dl class='gallery-item'>\n\t\t\t<dt class='gallery-icon landscape'>\n\t\t\t\t<a href='https:\/\/www.azubicard.de\/coburg\/2021\/09\/30\/volksverein-moenchengladbach\/fotos-moebel-15\/'><img loading=\"lazy\" decoding=\"async\" width=\"300\" height=\"225\" src=\"https:\/\/www.azubicard.de\/coburg\/wp-content\/uploads\/sites\/32\/2021\/09\/Fotos-Moebel-15-scaled-300x225.jpeg\" class=\"attachment-medium size-medium\" alt=\"Volksverein M\u00f6nchengladbach\" srcset=\"https:\/\/www.azubicard.de\/coburg\/wp-content\/uploads\/sites\/32\/2021\/09\/Fotos-Moebel-15-scaled-300x225.jpeg 300w, https:\/\/www.azubicard.de\/coburg\/wp-content\/uploads\/sites\/32\/2021\/09\/Fotos-Moebel-15-scaled-1024x768.jpeg 1024w, https:\/\/www.azubicard.de\/coburg\/wp-content\/uploads\/sites\/32\/2021\/09\/Fotos-Moebel-15-scaled-768x576.jpeg 768w, https:\/\/www.azubicard.de\/coburg\/wp-content\/uploads\/sites\/32\/2021\/09\/Fotos-Moebel-15-scaled-1536x1152.jpeg 1536w, https:\/\/www.azubicard.de\/coburg\/wp-content\/uploads\/sites\/32\/2021\/09\/Fotos-Moebel-15-scaled-2048x1536.jpeg 2048w, https:\/\/www.azubicard.de\/coburg\/wp-content\/uploads\/sites\/32\/2021\/09\/Fotos-Moebel-15-scaled-480x360.jpeg 480w, https:\/\/www.azubicard.de\/coburg\/wp-content\/uploads\/sites\/32\/2021\/09\/Fotos-Moebel-15-scaled-550x412.jpeg 550w\" sizes=\"auto, (max-width: 300px) 100vw, 300px\" \/><\/a>\n\t\t\t<\/dt><\/dl><dl class='gallery-item'>\n\t\t\t<dt class='gallery-icon portrait'>\n\t\t\t\t<a href='https:\/\/www.azubicard.de\/coburg\/2021\/09\/30\/volksverein-moenchengladbach\/2020_06_17-impressionen-ks-1\/'><img loading=\"lazy\" decoding=\"async\" width=\"176\" height=\"300\" src=\"https:\/\/www.azubicard.de\/coburg\/wp-content\/uploads\/sites\/32\/2021\/09\/2020_06_17-Impressionen-KS-1-176x300.jpg\" class=\"attachment-medium size-medium\" alt=\"Volksverein M\u00f6nchengladbach\" srcset=\"https:\/\/www.azubicard.de\/coburg\/wp-content\/uploads\/sites\/32\/2021\/09\/2020_06_17-Impressionen-KS-1-176x300.jpg 176w, https:\/\/www.azubicard.de\/coburg\/wp-content\/uploads\/sites\/32\/2021\/09\/2020_06_17-Impressionen-KS-1-602x1024.jpg 602w, https:\/\/www.azubicard.de\/coburg\/wp-content\/uploads\/sites\/32\/2021\/09\/2020_06_17-Impressionen-KS-1-768x1306.jpg 768w, https:\/\/www.azubicard.de\/coburg\/wp-content\/uploads\/sites\/32\/2021\/09\/2020_06_17-Impressionen-KS-1-904x1536.jpg 904w, https:\/\/www.azubicard.de\/coburg\/wp-content\/uploads\/sites\/32\/2021\/09\/2020_06_17-Impressionen-KS-1.jpg 1113w\" sizes=\"auto, (max-width: 176px) 100vw, 176px\" \/><\/a>\n\t\t\t<\/dt><\/dl><dl class='gallery-item'>\n\t\t\t<dt class='gallery-icon portrait'>\n\t\t\t\t<a href='https:\/\/www.azubicard.de\/coburg\/2021\/09\/30\/volksverein-moenchengladbach\/2020_05_05-impressionen-kleidershop-2\/'><img loading=\"lazy\" decoding=\"async\" width=\"169\" height=\"300\" src=\"https:\/\/www.azubicard.de\/coburg\/wp-content\/uploads\/sites\/32\/2021\/09\/2020_05_05-Impressionen-Kleidershop-2-169x300.jpg\" class=\"attachment-medium size-medium\" alt=\"Volksverein M\u00f6nchengladbach\" srcset=\"https:\/\/www.azubicard.de\/coburg\/wp-content\/uploads\/sites\/32\/2021\/09\/2020_05_05-Impressionen-Kleidershop-2-169x300.jpg 169w, https:\/\/www.azubicard.de\/coburg\/wp-content\/uploads\/sites\/32\/2021\/09\/2020_05_05-Impressionen-Kleidershop-2-576x1024.jpg 576w, https:\/\/www.azubicard.de\/coburg\/wp-content\/uploads\/sites\/32\/2021\/09\/2020_05_05-Impressionen-Kleidershop-2.jpg 581w\" sizes=\"auto, (max-width: 169px) 100vw, 169px\" \/><\/a>\n\t\t\t<\/dt><\/dl><br style=\"clear: both\" \/>\n\t\t<\/div>\n\n<p>Einschr\u00e4nkungen:<br \/>\nAusgeschlossen vom Rabatt sind Neuwaren (K\u00fchlschr\u00e4nke, Waschmaschinen und Matratzen) sowie Raps\u00f6l. Der Rabatt kann nicht mit anderen Rabatten kombiniert werden.<\/p>\n","protected":false},"excerpt":{"rendered":"<p>Das bieten wir: Chice Second Hand Mode Gute Second Hand M\u00f6bel Super Second Hand Haushaltswaren 5% Rabatt auf Kleidung, Hausrat, B\u00fccher und Deko, 10% Rabatt auf M\u00f6bel ab einem Einkaufswert von 50,-\u20ac. Einschr\u00e4nkungen: Ausgeschlossen vom Rabatt sind Neuwaren (K\u00fchlschr\u00e4nke, Waschmaschinen und Matratzen) sowie Raps\u00f6l. Der&#8230;<\/p>\n","protected":false},"author":2,"featured_media":12432,"comment_status":"open","ping_status":"open","sticky":false,"template":"","format":"standard","meta":{"_acf_changed":false,"footnotes":""},"categories":[752,758,759],"tags":[655,726],"class_list":["post-12431","post","type-post","status-publish","format-standard","has-post-thumbnail","hentry","category-angebote-mittlerer-niederrhein","category-mittlerer-niederrhein","category-top-angebote-mittlerer-niederrhein","tag-fashion","tag-wohnen"],"acf":[],"yoast_head":"<!-- This site is optimized with the Yoast SEO plugin v25.5 - https:\/\/yoast.com\/wordpress\/plugins\/seo\/ -->\n<title>Volksverein M\u00f6nchengladbach - AzubiCard Coburg<\/title>\n<meta name=\"robots\" content=\"index, follow, max-snippet:-1, max-image-preview:large, max-video-preview:-1\" \/>\n<link rel=\"canonical\" href=\"https:\/\/www.azubicard.de\/coburg\/2021\/09\/30\/volksverein-moenchengladbach\/\" \/>\n<meta property=\"og:locale\" content=\"de_DE\" \/>\n<meta property=\"og:type\" content=\"article\" \/>\n<meta property=\"og:title\" content=\"Volksverein M\u00f6nchengladbach - AzubiCard Coburg\" \/>\n<meta property=\"og:description\" content=\"Das bieten wir: Chice Second Hand Mode Gute Second Hand M\u00f6bel Super Second Hand Haushaltswaren 5% Rabatt auf Kleidung, Hausrat, B\u00fccher und Deko, 10% Rabatt auf M\u00f6bel ab einem Einkaufswert von 50,-\u20ac. Einschr\u00e4nkungen: Ausgeschlossen vom Rabatt sind Neuwaren (K\u00fchlschr\u00e4nke, Waschmaschinen und Matratzen) sowie Raps\u00f6l. Der...\" \/>\n<meta property=\"og:url\" content=\"https:\/\/www.azubicard.de\/coburg\/2021\/09\/30\/volksverein-moenchengladbach\/\" \/>\n<meta property=\"og:site_name\" content=\"AzubiCard Coburg\" \/>\n<meta property=\"article:published_time\" content=\"2021-09-30T11:40:59+00:00\" \/>\n<meta property=\"article:modified_time\" content=\"2021-11-19T12:00:39+00:00\" \/>\n<meta property=\"og:image\" content=\"https:\/\/www.azubicard.de\/coburg\/wp-content\/uploads\/sites\/32\/2021\/09\/Fotos-Moebel-7-scaled-1024x768.jpeg\" \/>\n\t<meta property=\"og:image:width\" content=\"1024\" \/>\n\t<meta property=\"og:image:height\" content=\"768\" \/>\n\t<meta property=\"og:image:type\" content=\"image\/jpeg\" \/>\n<meta name=\"author\" content=\"newmedialabs\" \/>\n<meta name=\"twitter:card\" content=\"summary_large_image\" \/>\n<meta name=\"twitter:label1\" content=\"Verfasst von\" \/>\n\t<meta name=\"twitter:data1\" content=\"newmedialabs\" \/>\n\t<meta name=\"twitter:label2\" content=\"Gesch\u00e4tzte Lesezeit\" \/>\n\t<meta name=\"twitter:data2\" content=\"1\u00a0Minute\" \/>\n<script type=\"application\/ld+json\" class=\"yoast-schema-graph\">{\"@context\":\"https:\/\/schema.org\",\"@graph\":[{\"@type\":\"WebPage\",\"@id\":\"https:\/\/www.azubicard.de\/coburg\/2021\/09\/30\/volksverein-moenchengladbach\/\",\"url\":\"https:\/\/www.azubicard.de\/coburg\/2021\/09\/30\/volksverein-moenchengladbach\/\",\"name\":\"Volksverein M\u00f6nchengladbach - AzubiCard Coburg\",\"isPartOf\":{\"@id\":\"https:\/\/www.azubicard.de\/coburg\/#website\"},\"primaryImageOfPage\":{\"@id\":\"https:\/\/www.azubicard.de\/coburg\/2021\/09\/30\/volksverein-moenchengladbach\/#primaryimage\"},\"image\":{\"@id\":\"https:\/\/www.azubicard.de\/coburg\/2021\/09\/30\/volksverein-moenchengladbach\/#primaryimage\"},\"thumbnailUrl\":\"https:\/\/www.azubicard.de\/coburg\/wp-content\/uploads\/sites\/32\/2021\/09\/Fotos-Moebel-7-scaled.jpeg\",\"datePublished\":\"2021-09-30T11:40:59+00:00\",\"dateModified\":\"2021-11-19T12:00:39+00:00\",\"author\":{\"@id\":\"https:\/\/www.azubicard.de\/coburg\/#\/schema\/person\/04ed6c5ee3f85d438f77d70b59ad8240\"},\"breadcrumb\":{\"@id\":\"https:\/\/www.azubicard.de\/coburg\/2021\/09\/30\/volksverein-moenchengladbach\/#breadcrumb\"},\"inLanguage\":\"de\",\"potentialAction\":[{\"@type\":\"ReadAction\",\"target\":[\"https:\/\/www.azubicard.de\/coburg\/2021\/09\/30\/volksverein-moenchengladbach\/\"]}]},{\"@type\":\"ImageObject\",\"inLanguage\":\"de\",\"@id\":\"https:\/\/www.azubicard.de\/coburg\/2021\/09\/30\/volksverein-moenchengladbach\/#primaryimage\",\"url\":\"https:\/\/www.azubicard.de\/coburg\/wp-content\/uploads\/sites\/32\/2021\/09\/Fotos-Moebel-7-scaled.jpeg\",\"contentUrl\":\"https:\/\/www.azubicard.de\/coburg\/wp-content\/uploads\/sites\/32\/2021\/09\/Fotos-Moebel-7-scaled.jpeg\",\"width\":2560,\"height\":1920,\"caption\":\"Volksverein M\u00f6nchengladbach\"},{\"@type\":\"BreadcrumbList\",\"@id\":\"https:\/\/www.azubicard.de\/coburg\/2021\/09\/30\/volksverein-moenchengladbach\/#breadcrumb\",\"itemListElement\":[{\"@type\":\"ListItem\",\"position\":1,\"name\":\"Startseite\",\"item\":\"https:\/\/www.azubicard.de\/coburg\/\"},{\"@type\":\"ListItem\",\"position\":2,\"name\":\"Volksverein M\u00f6nchengladbach\"}]},{\"@type\":\"WebSite\",\"@id\":\"https:\/\/www.azubicard.de\/coburg\/#website\",\"url\":\"https:\/\/www.azubicard.de\/coburg\/\",\"name\":\"AzubiCard Coburg\",\"description\":\"Eine weitere AzubiCard Website\",\"potentialAction\":[{\"@type\":\"SearchAction\",\"target\":{\"@type\":\"EntryPoint\",\"urlTemplate\":\"https:\/\/www.azubicard.de\/coburg\/?s={search_term_string}\"},\"query-input\":{\"@type\":\"PropertyValueSpecification\",\"valueRequired\":true,\"valueName\":\"search_term_string\"}}],\"inLanguage\":\"de\"},{\"@type\":\"Person\",\"@id\":\"https:\/\/www.azubicard.de\/coburg\/#\/schema\/person\/04ed6c5ee3f85d438f77d70b59ad8240\",\"name\":\"newmedialabs\",\"image\":{\"@type\":\"ImageObject\",\"inLanguage\":\"de\",\"@id\":\"https:\/\/www.azubicard.de\/coburg\/#\/schema\/person\/image\/\",\"url\":\"https:\/\/secure.gravatar.com\/avatar\/61edca5e904cf4237abd51dfd5ed3f61aa79989c3dd21586506a37bdd4ba58ba?s=96&d=mm&r=g\",\"contentUrl\":\"https:\/\/secure.gravatar.com\/avatar\/61edca5e904cf4237abd51dfd5ed3f61aa79989c3dd21586506a37bdd4ba58ba?s=96&d=mm&r=g\",\"caption\":\"newmedialabs\"},\"url\":\"https:\/\/www.azubicard.de\/coburg\/author\/newmedialabs\/\"}]}<\/script>\n<!-- \/ Yoast SEO plugin. -->","yoast_head_json":{"title":"Volksverein M\u00f6nchengladbach - AzubiCard Coburg","robots":{"index":"index","follow":"follow","max-snippet":"max-snippet:-1","max-image-preview":"max-image-preview:large","max-video-preview":"max-video-preview:-1"},"canonical":"https:\/\/www.azubicard.de\/coburg\/2021\/09\/30\/volksverein-moenchengladbach\/","og_locale":"de_DE","og_type":"article","og_title":"Volksverein M\u00f6nchengladbach - AzubiCard Coburg","og_description":"Das bieten wir: Chice Second Hand Mode Gute Second Hand M\u00f6bel Super Second Hand Haushaltswaren 5% Rabatt auf Kleidung, Hausrat, B\u00fccher und Deko, 10% Rabatt auf M\u00f6bel ab einem Einkaufswert von 50,-\u20ac. Einschr\u00e4nkungen: Ausgeschlossen vom Rabatt sind Neuwaren (K\u00fchlschr\u00e4nke, Waschmaschinen und Matratzen) sowie Raps\u00f6l. Der...","og_url":"https:\/\/www.azubicard.de\/coburg\/2021\/09\/30\/volksverein-moenchengladbach\/","og_site_name":"AzubiCard Coburg","article_published_time":"2021-09-30T11:40:59+00:00","article_modified_time":"2021-11-19T12:00:39+00:00","og_image":[{"width":1024,"height":768,"url":"https:\/\/www.azubicard.de\/coburg\/wp-content\/uploads\/sites\/32\/2021\/09\/Fotos-Moebel-7-scaled-1024x768.jpeg","type":"image\/jpeg"}],"author":"newmedialabs","twitter_card":"summary_large_image","twitter_misc":{"Verfasst von":"newmedialabs","Gesch\u00e4tzte Lesezeit":"1\u00a0Minute"},"schema":{"@context":"https:\/\/schema.org","@graph":[{"@type":"WebPage","@id":"https:\/\/www.azubicard.de\/coburg\/2021\/09\/30\/volksverein-moenchengladbach\/","url":"https:\/\/www.azubicard.de\/coburg\/2021\/09\/30\/volksverein-moenchengladbach\/","name":"Volksverein M\u00f6nchengladbach - AzubiCard Coburg","isPartOf":{"@id":"https:\/\/www.azubicard.de\/coburg\/#website"},"primaryImageOfPage":{"@id":"https:\/\/www.azubicard.de\/coburg\/2021\/09\/30\/volksverein-moenchengladbach\/#primaryimage"},"image":{"@id":"https:\/\/www.azubicard.de\/coburg\/2021\/09\/30\/volksverein-moenchengladbach\/#primaryimage"},"thumbnailUrl":"https:\/\/www.azubicard.de\/coburg\/wp-content\/uploads\/sites\/32\/2021\/09\/Fotos-Moebel-7-scaled.jpeg","datePublished":"2021-09-30T11:40:59+00:00","dateModified":"2021-11-19T12:00:39+00:00","author":{"@id":"https:\/\/www.azubicard.de\/coburg\/#\/schema\/person\/04ed6c5ee3f85d438f77d70b59ad8240"},"breadcrumb":{"@id":"https:\/\/www.azubicard.de\/coburg\/2021\/09\/30\/volksverein-moenchengladbach\/#breadcrumb"},"inLanguage":"de","potentialAction":[{"@type":"ReadAction","target":["https:\/\/www.azubicard.de\/coburg\/2021\/09\/30\/volksverein-moenchengladbach\/"]}]},{"@type":"ImageObject","inLanguage":"de","@id":"https:\/\/www.azubicard.de\/coburg\/2021\/09\/30\/volksverein-moenchengladbach\/#primaryimage","url":"https:\/\/www.azubicard.de\/coburg\/wp-content\/uploads\/sites\/32\/2021\/09\/Fotos-Moebel-7-scaled.jpeg","contentUrl":"https:\/\/www.azubicard.de\/coburg\/wp-content\/uploads\/sites\/32\/2021\/09\/Fotos-Moebel-7-scaled.jpeg","width":2560,"height":1920,"caption":"Volksverein M\u00f6nchengladbach"},{"@type":"BreadcrumbList","@id":"https:\/\/www.azubicard.de\/coburg\/2021\/09\/30\/volksverein-moenchengladbach\/#breadcrumb","itemListElement":[{"@type":"ListItem","position":1,"name":"Startseite","item":"https:\/\/www.azubicard.de\/coburg\/"},{"@type":"ListItem","position":2,"name":"Volksverein M\u00f6nchengladbach"}]},{"@type":"WebSite","@id":"https:\/\/www.azubicard.de\/coburg\/#website","url":"https:\/\/www.azubicard.de\/coburg\/","name":"AzubiCard Coburg","description":"Eine weitere AzubiCard Website","potentialAction":[{"@type":"SearchAction","target":{"@type":"EntryPoint","urlTemplate":"https:\/\/www.azubicard.de\/coburg\/?s={search_term_string}"},"query-input":{"@type":"PropertyValueSpecification","valueRequired":true,"valueName":"search_term_string"}}],"inLanguage":"de"},{"@type":"Person","@id":"https:\/\/www.azubicard.de\/coburg\/#\/schema\/person\/04ed6c5ee3f85d438f77d70b59ad8240","name":"newmedialabs","image":{"@type":"ImageObject","inLanguage":"de","@id":"https:\/\/www.azubicard.de\/coburg\/#\/schema\/person\/image\/","url":"https:\/\/secure.gravatar.com\/avatar\/61edca5e904cf4237abd51dfd5ed3f61aa79989c3dd21586506a37bdd4ba58ba?s=96&d=mm&r=g","contentUrl":"https:\/\/secure.gravatar.com\/avatar\/61edca5e904cf4237abd51dfd5ed3f61aa79989c3dd21586506a37bdd4ba58ba?s=96&d=mm&r=g","caption":"newmedialabs"},"url":"https:\/\/www.azubicard.de\/coburg\/author\/newmedialabs\/"}]}},"publishpress_future_action":{"enabled":false,"date":"2026-05-07 19:10:25","action":"change-status","newStatus":"draft","terms":[],"taxonomy":"category","extraData":[]},"publishpress_future_workflow_manual_trigger":{"enabledWorkflows":[]},"_links":{"self":[{"href":"https:\/\/www.azubicard.de\/coburg\/wp-json\/wp\/v2\/posts\/12431","targetHints":{"allow":["GET"]}}],"collection":[{"href":"https:\/\/www.azubicard.de\/coburg\/wp-json\/wp\/v2\/posts"}],"about":[{"href":"https:\/\/www.azubicard.de\/coburg\/wp-json\/wp\/v2\/types\/post"}],"author":[{"embeddable":true,"href":"https:\/\/www.azubicard.de\/coburg\/wp-json\/wp\/v2\/users\/2"}],"replies":[{"embeddable":true,"href":"https:\/\/www.azubicard.de\/coburg\/wp-json\/wp\/v2\/comments?post=12431"}],"version-history":[{"count":8,"href":"https:\/\/www.azubicard.de\/coburg\/wp-json\/wp\/v2\/posts\/12431\/revisions"}],"predecessor-version":[{"id":13031,"href":"https:\/\/www.azubicard.de\/coburg\/wp-json\/wp\/v2\/posts\/12431\/revisions\/13031"}],"wp:featuredmedia":[{"embeddable":true,"href":"https:\/\/www.azubicard.de\/coburg\/wp-json\/wp\/v2\/media\/12432"}],"wp:attachment":[{"href":"https:\/\/www.azubicard.de\/coburg\/wp-json\/wp\/v2\/media?parent=12431"}],"wp:term":[{"taxonomy":"category","embeddable":true,"href":"https:\/\/www.azubicard.de\/coburg\/wp-json\/wp\/v2\/categories?post=12431"},{"taxonomy":"post_tag","embeddable":true,"href":"https:\/\/www.azubicard.de\/coburg\/wp-json\/wp\/v2\/tags?post=12431"}],"curies":[{"name":"wp","href":"https:\/\/api.w.org\/{rel}","templated":true}]}}