{"id":17290,"date":"2020-10-01T09:36:52","date_gmt":"2020-10-01T07:36:52","guid":{"rendered":"https:\/\/www.azubicard.de\/ihklw\/2020\/10\/01\/nagelstudio-capitol-2\/"},"modified":"2022-05-31T14:21:38","modified_gmt":"2022-05-31T12:21:38","slug":"nagelstudio-capitol","status":"publish","type":"post","link":"https:\/\/www.azubicard.de\/ihklw\/2020\/10\/01\/nagelstudio-capitol\/","title":{"rendered":"Nagelstudio Capitol"},"content":{"rendered":"<p>Als Beautysalon bieten wir von Gel-N\u00e4geln, Fu\u00dfpflege, Wimpernverl\u00e4ngerung bis hin zu Kopf und Gesichtsmassage an.<\/p>\n<p><img loading=\"lazy\" decoding=\"async\" class=\"alignnone size-medium wp-image-6854\" src=\"http:\/\/www.azubicard.de\/wp-content\/uploads\/2020\/09\/32E3040F-FB5B-4CAC-8E6F-6636383D896A-300x225.jpeg\" alt=\"\" width=\"300\" height=\"225\" srcset=\"https:\/\/www.azubicard.de\/ihklw\/wp-content\/uploads\/sites\/67\/2020\/09\/32E3040F-FB5B-4CAC-8E6F-6636383D896A-300x225.jpeg 300w, https:\/\/www.azubicard.de\/ihklw\/wp-content\/uploads\/sites\/67\/2020\/09\/32E3040F-FB5B-4CAC-8E6F-6636383D896A-1024x768.jpeg 1024w, https:\/\/www.azubicard.de\/ihklw\/wp-content\/uploads\/sites\/67\/2020\/09\/32E3040F-FB5B-4CAC-8E6F-6636383D896A-768x576.jpeg 768w, https:\/\/www.azubicard.de\/ihklw\/wp-content\/uploads\/sites\/67\/2020\/09\/32E3040F-FB5B-4CAC-8E6F-6636383D896A-1536x1152.jpeg 1536w, https:\/\/www.azubicard.de\/ihklw\/wp-content\/uploads\/sites\/67\/2020\/09\/32E3040F-FB5B-4CAC-8E6F-6636383D896A-480x360.jpeg 480w, https:\/\/www.azubicard.de\/ihklw\/wp-content\/uploads\/sites\/67\/2020\/09\/32E3040F-FB5B-4CAC-8E6F-6636383D896A-550x412.jpeg 550w, https:\/\/www.azubicard.de\/ihklw\/wp-content\/uploads\/sites\/67\/2020\/09\/32E3040F-FB5B-4CAC-8E6F-6636383D896A.jpeg 2016w\" sizes=\"auto, (max-width: 300px) 100vw, 300px\" \/> <img loading=\"lazy\" decoding=\"async\" class=\"alignnone size-medium wp-image-6852\" src=\"http:\/\/www.azubicard.de\/wp-content\/uploads\/2020\/09\/F09B4925-4B48-44ED-9B74-26E50C98FE9F-300x225.jpeg\" alt=\"\" width=\"300\" height=\"225\" srcset=\"https:\/\/www.azubicard.de\/ihklw\/wp-content\/uploads\/sites\/67\/2020\/09\/F09B4925-4B48-44ED-9B74-26E50C98FE9F-300x225.jpeg 300w, https:\/\/www.azubicard.de\/ihklw\/wp-content\/uploads\/sites\/67\/2020\/09\/F09B4925-4B48-44ED-9B74-26E50C98FE9F-1024x768.jpeg 1024w, https:\/\/www.azubicard.de\/ihklw\/wp-content\/uploads\/sites\/67\/2020\/09\/F09B4925-4B48-44ED-9B74-26E50C98FE9F-768x576.jpeg 768w, https:\/\/www.azubicard.de\/ihklw\/wp-content\/uploads\/sites\/67\/2020\/09\/F09B4925-4B48-44ED-9B74-26E50C98FE9F-1536x1152.jpeg 1536w, https:\/\/www.azubicard.de\/ihklw\/wp-content\/uploads\/sites\/67\/2020\/09\/F09B4925-4B48-44ED-9B74-26E50C98FE9F-480x360.jpeg 480w, https:\/\/www.azubicard.de\/ihklw\/wp-content\/uploads\/sites\/67\/2020\/09\/F09B4925-4B48-44ED-9B74-26E50C98FE9F-550x412.jpeg 550w, https:\/\/www.azubicard.de\/ihklw\/wp-content\/uploads\/sites\/67\/2020\/09\/F09B4925-4B48-44ED-9B74-26E50C98FE9F.jpeg 2016w\" sizes=\"auto, (max-width: 300px) 100vw, 300px\" \/><\/p>\n","protected":false},"excerpt":{"rendered":"<p>Als Beautysalon bieten wir von Gel-N\u00e4geln, Fu\u00dfpflege, Wimpernverl\u00e4ngerung bis hin zu Kopf und Gesichtsmassage an.<\/p>\n","protected":false},"author":25,"featured_media":6853,"comment_status":"open","ping_status":"open","sticky":false,"template":"","format":"standard","meta":{"_acf_changed":false,"footnotes":""},"categories":[718,680,719],"tags":[746],"class_list":["post-17290","post","type-post","status-publish","format-standard","has-post-thumbnail","hentry","category-angebote-bodensee-ravensburg","category-bodensee-ravensburg","category-top-angebote-bodensee-ravensburg","tag-beauty-wellness"],"acf":[],"yoast_head":"<!-- This site is optimized with the Yoast SEO plugin v25.5 - https:\/\/yoast.com\/wordpress\/plugins\/seo\/ -->\n<title>Nagelstudio Capitol - AzubiCard L\u00fcneburg-Wolfsburg<\/title>\n<meta name=\"robots\" content=\"index, follow, max-snippet:-1, max-image-preview:large, max-video-preview:-1\" \/>\n<link rel=\"canonical\" href=\"https:\/\/www.azubicard.de\/ihklw\/2020\/10\/01\/nagelstudio-capitol-2\/\" \/>\n<meta property=\"og:locale\" content=\"de_DE\" \/>\n<meta property=\"og:type\" content=\"article\" \/>\n<meta property=\"og:title\" content=\"Nagelstudio Capitol - AzubiCard L\u00fcneburg-Wolfsburg\" \/>\n<meta property=\"og:description\" content=\"Als Beautysalon bieten wir von Gel-N\u00e4geln, Fu\u00dfpflege, Wimpernverl\u00e4ngerung bis hin zu Kopf und Gesichtsmassage an.\" \/>\n<meta property=\"og:url\" content=\"https:\/\/www.azubicard.de\/ihklw\/2020\/10\/01\/nagelstudio-capitol-2\/\" \/>\n<meta property=\"og:site_name\" content=\"AzubiCard L\u00fcneburg-Wolfsburg\" \/>\n<meta property=\"article:published_time\" content=\"2020-10-01T07:36:52+00:00\" \/>\n<meta property=\"article:modified_time\" content=\"2022-05-31T12:21:38+00:00\" \/>\n<meta property=\"og:image\" content=\"https:\/\/www.azubicard.de\/ihklw\/wp-content\/uploads\/sites\/67\/2020\/09\/BE3FE4FC-8B00-4F27-961D-ADE12E46A3E9.jpeg\" \/>\n\t<meta property=\"og:image:width\" content=\"2016\" \/>\n\t<meta property=\"og:image:height\" content=\"1512\" \/>\n\t<meta property=\"og:image:type\" content=\"image\/jpeg\" \/>\n<meta name=\"author\" content=\"ihkostwuerttemberg\" \/>\n<meta name=\"twitter:card\" content=\"summary_large_image\" \/>\n<meta name=\"twitter:label1\" content=\"Verfasst von\" \/>\n\t<meta name=\"twitter:data1\" content=\"ihkostwuerttemberg\" \/>\n<script type=\"application\/ld+json\" class=\"yoast-schema-graph\">{\"@context\":\"https:\/\/schema.org\",\"@graph\":[{\"@type\":\"WebPage\",\"@id\":\"https:\/\/www.azubicard.de\/ihklw\/2020\/10\/01\/nagelstudio-capitol-2\/\",\"url\":\"https:\/\/www.azubicard.de\/ihklw\/2020\/10\/01\/nagelstudio-capitol-2\/\",\"name\":\"Nagelstudio Capitol - AzubiCard L\u00fcneburg-Wolfsburg\",\"isPartOf\":{\"@id\":\"https:\/\/www.azubicard.de\/ihklw\/#website\"},\"primaryImageOfPage\":{\"@id\":\"https:\/\/www.azubicard.de\/ihklw\/2020\/10\/01\/nagelstudio-capitol-2\/#primaryimage\"},\"image\":{\"@id\":\"https:\/\/www.azubicard.de\/ihklw\/2020\/10\/01\/nagelstudio-capitol-2\/#primaryimage\"},\"thumbnailUrl\":\"https:\/\/www.azubicard.de\/ihklw\/wp-content\/uploads\/sites\/67\/2020\/09\/BE3FE4FC-8B00-4F27-961D-ADE12E46A3E9.jpeg\",\"datePublished\":\"2020-10-01T07:36:52+00:00\",\"dateModified\":\"2022-05-31T12:21:38+00:00\",\"author\":{\"@id\":\"https:\/\/www.azubicard.de\/ihklw\/#\/schema\/person\/4638d560a6cce2a01163d000c0110784\"},\"breadcrumb\":{\"@id\":\"https:\/\/www.azubicard.de\/ihklw\/2020\/10\/01\/nagelstudio-capitol-2\/#breadcrumb\"},\"inLanguage\":\"de\",\"potentialAction\":[{\"@type\":\"ReadAction\",\"target\":[\"https:\/\/www.azubicard.de\/ihklw\/2020\/10\/01\/nagelstudio-capitol-2\/\"]}]},{\"@type\":\"ImageObject\",\"inLanguage\":\"de\",\"@id\":\"https:\/\/www.azubicard.de\/ihklw\/2020\/10\/01\/nagelstudio-capitol-2\/#primaryimage\",\"url\":\"https:\/\/www.azubicard.de\/ihklw\/wp-content\/uploads\/sites\/67\/2020\/09\/BE3FE4FC-8B00-4F27-961D-ADE12E46A3E9.jpeg\",\"contentUrl\":\"https:\/\/www.azubicard.de\/ihklw\/wp-content\/uploads\/sites\/67\/2020\/09\/BE3FE4FC-8B00-4F27-961D-ADE12E46A3E9.jpeg\",\"width\":2016,\"height\":1512},{\"@type\":\"BreadcrumbList\",\"@id\":\"https:\/\/www.azubicard.de\/ihklw\/2020\/10\/01\/nagelstudio-capitol-2\/#breadcrumb\",\"itemListElement\":[{\"@type\":\"ListItem\",\"position\":1,\"name\":\"Startseite\",\"item\":\"https:\/\/www.azubicard.de\/ihklw\/\"},{\"@type\":\"ListItem\",\"position\":2,\"name\":\"Nagelstudio Capitol\"}]},{\"@type\":\"WebSite\",\"@id\":\"https:\/\/www.azubicard.de\/ihklw\/#website\",\"url\":\"https:\/\/www.azubicard.de\/ihklw\/\",\"name\":\"AzubiCard L\u00fcneburg-Wolfsburg\",\"description\":\"Eine weitere AzubiCard Website\",\"potentialAction\":[{\"@type\":\"SearchAction\",\"target\":{\"@type\":\"EntryPoint\",\"urlTemplate\":\"https:\/\/www.azubicard.de\/ihklw\/?s={search_term_string}\"},\"query-input\":{\"@type\":\"PropertyValueSpecification\",\"valueRequired\":true,\"valueName\":\"search_term_string\"}}],\"inLanguage\":\"de\"},{\"@type\":\"Person\",\"@id\":\"https:\/\/www.azubicard.de\/ihklw\/#\/schema\/person\/4638d560a6cce2a01163d000c0110784\",\"name\":\"ihkostwuerttemberg\",\"image\":{\"@type\":\"ImageObject\",\"inLanguage\":\"de\",\"@id\":\"https:\/\/www.azubicard.de\/ihklw\/#\/schema\/person\/image\/\",\"url\":\"https:\/\/secure.gravatar.com\/avatar\/76eb1c1b51eef54f505d01b8f300ec1a55856ec5e2ccba73e1041064852c392c?s=96&d=mm&r=g\",\"contentUrl\":\"https:\/\/secure.gravatar.com\/avatar\/76eb1c1b51eef54f505d01b8f300ec1a55856ec5e2ccba73e1041064852c392c?s=96&d=mm&r=g\",\"caption\":\"ihkostwuerttemberg\"},\"url\":\"https:\/\/www.azubicard.de\/ihklw\/author\/ihkostwuerttemberg\/\"}]}<\/script>\n<!-- \/ Yoast SEO plugin. -->","yoast_head_json":{"title":"Nagelstudio Capitol - AzubiCard L\u00fcneburg-Wolfsburg","robots":{"index":"index","follow":"follow","max-snippet":"max-snippet:-1","max-image-preview":"max-image-preview:large","max-video-preview":"max-video-preview:-1"},"canonical":"https:\/\/www.azubicard.de\/ihklw\/2020\/10\/01\/nagelstudio-capitol-2\/","og_locale":"de_DE","og_type":"article","og_title":"Nagelstudio Capitol - AzubiCard L\u00fcneburg-Wolfsburg","og_description":"Als Beautysalon bieten wir von Gel-N\u00e4geln, Fu\u00dfpflege, Wimpernverl\u00e4ngerung bis hin zu Kopf und Gesichtsmassage an.","og_url":"https:\/\/www.azubicard.de\/ihklw\/2020\/10\/01\/nagelstudio-capitol-2\/","og_site_name":"AzubiCard L\u00fcneburg-Wolfsburg","article_published_time":"2020-10-01T07:36:52+00:00","article_modified_time":"2022-05-31T12:21:38+00:00","og_image":[{"width":2016,"height":1512,"url":"https:\/\/www.azubicard.de\/ihklw\/wp-content\/uploads\/sites\/67\/2020\/09\/BE3FE4FC-8B00-4F27-961D-ADE12E46A3E9.jpeg","type":"image\/jpeg"}],"author":"ihkostwuerttemberg","twitter_card":"summary_large_image","twitter_misc":{"Verfasst von":"ihkostwuerttemberg"},"schema":{"@context":"https:\/\/schema.org","@graph":[{"@type":"WebPage","@id":"https:\/\/www.azubicard.de\/ihklw\/2020\/10\/01\/nagelstudio-capitol-2\/","url":"https:\/\/www.azubicard.de\/ihklw\/2020\/10\/01\/nagelstudio-capitol-2\/","name":"Nagelstudio Capitol - AzubiCard L\u00fcneburg-Wolfsburg","isPartOf":{"@id":"https:\/\/www.azubicard.de\/ihklw\/#website"},"primaryImageOfPage":{"@id":"https:\/\/www.azubicard.de\/ihklw\/2020\/10\/01\/nagelstudio-capitol-2\/#primaryimage"},"image":{"@id":"https:\/\/www.azubicard.de\/ihklw\/2020\/10\/01\/nagelstudio-capitol-2\/#primaryimage"},"thumbnailUrl":"https:\/\/www.azubicard.de\/ihklw\/wp-content\/uploads\/sites\/67\/2020\/09\/BE3FE4FC-8B00-4F27-961D-ADE12E46A3E9.jpeg","datePublished":"2020-10-01T07:36:52+00:00","dateModified":"2022-05-31T12:21:38+00:00","author":{"@id":"https:\/\/www.azubicard.de\/ihklw\/#\/schema\/person\/4638d560a6cce2a01163d000c0110784"},"breadcrumb":{"@id":"https:\/\/www.azubicard.de\/ihklw\/2020\/10\/01\/nagelstudio-capitol-2\/#breadcrumb"},"inLanguage":"de","potentialAction":[{"@type":"ReadAction","target":["https:\/\/www.azubicard.de\/ihklw\/2020\/10\/01\/nagelstudio-capitol-2\/"]}]},{"@type":"ImageObject","inLanguage":"de","@id":"https:\/\/www.azubicard.de\/ihklw\/2020\/10\/01\/nagelstudio-capitol-2\/#primaryimage","url":"https:\/\/www.azubicard.de\/ihklw\/wp-content\/uploads\/sites\/67\/2020\/09\/BE3FE4FC-8B00-4F27-961D-ADE12E46A3E9.jpeg","contentUrl":"https:\/\/www.azubicard.de\/ihklw\/wp-content\/uploads\/sites\/67\/2020\/09\/BE3FE4FC-8B00-4F27-961D-ADE12E46A3E9.jpeg","width":2016,"height":1512},{"@type":"BreadcrumbList","@id":"https:\/\/www.azubicard.de\/ihklw\/2020\/10\/01\/nagelstudio-capitol-2\/#breadcrumb","itemListElement":[{"@type":"ListItem","position":1,"name":"Startseite","item":"https:\/\/www.azubicard.de\/ihklw\/"},{"@type":"ListItem","position":2,"name":"Nagelstudio Capitol"}]},{"@type":"WebSite","@id":"https:\/\/www.azubicard.de\/ihklw\/#website","url":"https:\/\/www.azubicard.de\/ihklw\/","name":"AzubiCard L\u00fcneburg-Wolfsburg","description":"Eine weitere AzubiCard Website","potentialAction":[{"@type":"SearchAction","target":{"@type":"EntryPoint","urlTemplate":"https:\/\/www.azubicard.de\/ihklw\/?s={search_term_string}"},"query-input":{"@type":"PropertyValueSpecification","valueRequired":true,"valueName":"search_term_string"}}],"inLanguage":"de"},{"@type":"Person","@id":"https:\/\/www.azubicard.de\/ihklw\/#\/schema\/person\/4638d560a6cce2a01163d000c0110784","name":"ihkostwuerttemberg","image":{"@type":"ImageObject","inLanguage":"de","@id":"https:\/\/www.azubicard.de\/ihklw\/#\/schema\/person\/image\/","url":"https:\/\/secure.gravatar.com\/avatar\/76eb1c1b51eef54f505d01b8f300ec1a55856ec5e2ccba73e1041064852c392c?s=96&d=mm&r=g","contentUrl":"https:\/\/secure.gravatar.com\/avatar\/76eb1c1b51eef54f505d01b8f300ec1a55856ec5e2ccba73e1041064852c392c?s=96&d=mm&r=g","caption":"ihkostwuerttemberg"},"url":"https:\/\/www.azubicard.de\/ihklw\/author\/ihkostwuerttemberg\/"}]}},"publishpress_future_action":{"enabled":false,"date":"2026-05-10 15:41:52","action":"change-status","newStatus":"draft","terms":[],"taxonomy":"category","extraData":[]},"publishpress_future_workflow_manual_trigger":{"enabledWorkflows":[]},"_links":{"self":[{"href":"https:\/\/www.azubicard.de\/ihklw\/wp-json\/wp\/v2\/posts\/17290","targetHints":{"allow":["GET"]}}],"collection":[{"href":"https:\/\/www.azubicard.de\/ihklw\/wp-json\/wp\/v2\/posts"}],"about":[{"href":"https:\/\/www.azubicard.de\/ihklw\/wp-json\/wp\/v2\/types\/post"}],"author":[{"embeddable":true,"href":"https:\/\/www.azubicard.de\/ihklw\/wp-json\/wp\/v2\/users\/25"}],"replies":[{"embeddable":true,"href":"https:\/\/www.azubicard.de\/ihklw\/wp-json\/wp\/v2\/comments?post=17290"}],"version-history":[{"count":3,"href":"https:\/\/www.azubicard.de\/ihklw\/wp-json\/wp\/v2\/posts\/17290\/revisions"}],"predecessor-version":[{"id":18734,"href":"https:\/\/www.azubicard.de\/ihklw\/wp-json\/wp\/v2\/posts\/17290\/revisions\/18734"}],"wp:featuredmedia":[{"embeddable":true,"href":"https:\/\/www.azubicard.de\/ihklw\/wp-json\/wp\/v2\/media\/6853"}],"wp:attachment":[{"href":"https:\/\/www.azubicard.de\/ihklw\/wp-json\/wp\/v2\/media?parent=17290"}],"wp:term":[{"taxonomy":"category","embeddable":true,"href":"https:\/\/www.azubicard.de\/ihklw\/wp-json\/wp\/v2\/categories?post=17290"},{"taxonomy":"post_tag","embeddable":true,"href":"https:\/\/www.azubicard.de\/ihklw\/wp-json\/wp\/v2\/tags?post=17290"}],"curies":[{"name":"wp","href":"https:\/\/api.w.org\/{rel}","templated":true}]}}