{"id":5096,"date":"2026-03-25T10:00:47","date_gmt":"2026-03-25T09:00:47","guid":{"rendered":"http:\/\/wp13677437.server-he.de\/koblenz-neu\/2019\/09\/10\/bavaria-filmstadt\/"},"modified":"2026-03-25T18:01:54","modified_gmt":"2026-03-25T17:01:54","slug":"bavaria-filmstadt","status":"publish","type":"post","link":"https:\/\/www.azubicard.de\/koblenz\/2026\/03\/25\/bavaria-filmstadt\/","title":{"rendered":"Bavaria Filmstadt M\u00fcnchen"},"content":{"rendered":"<p>Die<strong> Bavaria Filmstadt <\/strong>in M\u00fcnchen bietet spannende Einblicke hinter die Kulissen gro\u00dfer Filmproduktionen. Besucher k\u00f6nnen Originalsets besichtigen und in interaktiven Touren selbst in die Welt des Films eintauchen.<\/p>\n<p><strong>Eintrittspreise (Stand 2024) : Spezielle Konditionen f\u00fcr Azubis!<\/strong><\/p>\n<p>Ticket &#8222;Filmstadt Kombi&#8220;<br \/>\nFilmstadt F\u00fchrung und 4 D Kino<br \/>\nDauer: ca. 2 Stunden<br \/>\nErwachsene 21,- \u20ac statt 23,-\u20ac, Kinder (6 \u2013 17 Jahre) 18,- \u20ac statt 20,- \u20ac<\/p>\n<p><strong>Die angegebenen Sonderkonditionen sind nicht mit anderen Erm\u00e4\u00dfigungen kombinierbar.<\/strong><\/p>\n<p><img loading=\"lazy\" decoding=\"async\" class=\"alignnone size-medium wp-image-1329\" src=\"http:\/\/azubicard.de\/wp-content\/uploads\/2019\/09\/Bavaria-Filmstadt_Bild-3-1-300x200.jpg\" alt=\"bavaria\" width=\"300\" height=\"200\" srcset=\"https:\/\/www.azubicard.de\/koblenz\/wp-content\/uploads\/sites\/23\/2019\/09\/Bavaria-Filmstadt_Bild-3-1-300x200.jpg 300w, https:\/\/www.azubicard.de\/koblenz\/wp-content\/uploads\/sites\/23\/2019\/09\/Bavaria-Filmstadt_Bild-3-1-768x512.jpg 768w, https:\/\/www.azubicard.de\/koblenz\/wp-content\/uploads\/sites\/23\/2019\/09\/Bavaria-Filmstadt_Bild-3-1-1024x682.jpg 1024w, https:\/\/www.azubicard.de\/koblenz\/wp-content\/uploads\/sites\/23\/2019\/09\/Bavaria-Filmstadt_Bild-3-1-120x80.jpg 120w, https:\/\/www.azubicard.de\/koblenz\/wp-content\/uploads\/sites\/23\/2019\/09\/Bavaria-Filmstadt_Bild-3-1.jpg 2000w\" sizes=\"auto, (max-width: 300px) 100vw, 300px\" \/> <img loading=\"lazy\" decoding=\"async\" class=\"alignnone size-medium wp-image-1332\" src=\"http:\/\/azubicard.de\/wp-content\/uploads\/2019\/09\/Bavaria-Filmstadt_Bild-4-300x200.jpg\" alt=\"Bavaria\" width=\"300\" height=\"200\" srcset=\"https:\/\/www.azubicard.de\/koblenz\/wp-content\/uploads\/sites\/23\/2019\/09\/Bavaria-Filmstadt_Bild-4-300x200.jpg 300w, https:\/\/www.azubicard.de\/koblenz\/wp-content\/uploads\/sites\/23\/2019\/09\/Bavaria-Filmstadt_Bild-4-768x512.jpg 768w, https:\/\/www.azubicard.de\/koblenz\/wp-content\/uploads\/sites\/23\/2019\/09\/Bavaria-Filmstadt_Bild-4-1024x682.jpg 1024w, https:\/\/www.azubicard.de\/koblenz\/wp-content\/uploads\/sites\/23\/2019\/09\/Bavaria-Filmstadt_Bild-4-120x80.jpg 120w, https:\/\/www.azubicard.de\/koblenz\/wp-content\/uploads\/sites\/23\/2019\/09\/Bavaria-Filmstadt_Bild-4.jpg 2000w\" sizes=\"auto, (max-width: 300px) 100vw, 300px\" \/> <img loading=\"lazy\" decoding=\"async\" class=\"alignnone size-medium wp-image-1331\" src=\"http:\/\/azubicard.de\/wp-content\/uploads\/2019\/09\/Bavaria-Filmstadt_Bild-2-300x200.jpg\" alt=\"\" width=\"300\" height=\"200\" srcset=\"https:\/\/www.azubicard.de\/koblenz\/wp-content\/uploads\/sites\/23\/2019\/09\/Bavaria-Filmstadt_Bild-2-300x200.jpg 300w, https:\/\/www.azubicard.de\/koblenz\/wp-content\/uploads\/sites\/23\/2019\/09\/Bavaria-Filmstadt_Bild-2-768x512.jpg 768w, https:\/\/www.azubicard.de\/koblenz\/wp-content\/uploads\/sites\/23\/2019\/09\/Bavaria-Filmstadt_Bild-2-1024x682.jpg 1024w, https:\/\/www.azubicard.de\/koblenz\/wp-content\/uploads\/sites\/23\/2019\/09\/Bavaria-Filmstadt_Bild-2-120x80.jpg 120w, https:\/\/www.azubicard.de\/koblenz\/wp-content\/uploads\/sites\/23\/2019\/09\/Bavaria-Filmstadt_Bild-2.jpg 2000w\" sizes=\"auto, (max-width: 300px) 100vw, 300px\" \/><\/p>\n","protected":false},"excerpt":{"rendered":"<p>Die<strong> Bavaria Filmstadt <\/strong>in M\u00fcnchen bietet spannende Einblicke hinter die Kulissen gro\u00dfer Filmproduktionen. Besucher k\u00f6nnen Originalsets besichtigen und in interaktiven Touren selbst in die Welt des Films eintauchen.<\/p>\n<p>Eintrittspreise 2024: Spezielle Konditionen f\u00fcr Azubis!<\/p>\n<p>Ticket &#8222;Filmstadt Kombi&#8220;<br \/>\nFilmstadt F\u00fchrung und 4 D Kino<br \/>\nDauer: ca. 2 Stunden<br \/>\nErwachsene 21,- \u20ac statt 23,-\u20ac, Kinder (6 \u2013 17 Jahre) 18,- \u20ac statt 20,- \u20ac<\/p>\n<p><strong>Die angegebenen Sonderkonditionen sind nicht mit anderen Erm\u00e4\u00dfigungen kombinierbar.<\/strong><\/p>\n<p>&nbsp;<\/p>\n","protected":false},"author":2,"featured_media":1328,"comment_status":"open","ping_status":"open","sticky":false,"template":"","format":"standard","meta":{"_acf_changed":false,"footnotes":""},"categories":[84,85,86],"tags":[36,697],"class_list":["post-5096","post","type-post","status-publish","format-standard","has-post-thumbnail","hentry","category-angebote-oberbayern","category-oberbayern","category-top-angebote-oberbayern","tag-kultur","tag-theater-und-konzerte"],"acf":[],"yoast_head":"<!-- This site is optimized with the Yoast SEO plugin v25.5 - https:\/\/yoast.com\/wordpress\/plugins\/seo\/ -->\n<title>Bavaria Filmstadt M\u00fcnchen - AzubiCard Koblenz<\/title>\n<meta name=\"robots\" content=\"index, follow, max-snippet:-1, max-image-preview:large, max-video-preview:-1\" \/>\n<link rel=\"canonical\" href=\"https:\/\/www.azubicard.de\/koblenz\/2019\/09\/10\/bavaria-filmstadt\/\" \/>\n<meta property=\"og:locale\" content=\"de_DE\" \/>\n<meta property=\"og:type\" content=\"article\" \/>\n<meta property=\"og:title\" content=\"Bavaria Filmstadt M\u00fcnchen - AzubiCard Koblenz\" \/>\n<meta property=\"og:description\" content=\"Die Bavaria Filmstadt in M\u00fcnchen bietet spannende Einblicke hinter die Kulissen gro\u00dfer Filmproduktionen. Besucher k\u00f6nnen Originalsets besichtigen und in interaktiven Touren selbst in die Welt des Films eintauchen.  Eintrittspreise 2024: Spezielle Konditionen f\u00fcr Azubis!  Ticket &quot;Filmstadt Kombi&quot; Filmstadt F\u00fchrung und 4 D Kino Dauer: ca. 2 Stunden Erwachsene 21,- \u20ac statt 23,-\u20ac, Kinder (6 \u2013 17 Jahre) 18,- \u20ac statt 20,- \u20ac  Die angegebenen Sonderkonditionen sind nicht mit anderen Erm\u00e4\u00dfigungen kombinierbar.  &nbsp;\" \/>\n<meta property=\"og:url\" content=\"https:\/\/www.azubicard.de\/koblenz\/2019\/09\/10\/bavaria-filmstadt\/\" \/>\n<meta property=\"og:site_name\" content=\"AzubiCard Koblenz\" \/>\n<meta property=\"article:published_time\" content=\"2026-03-25T09:00:47+00:00\" \/>\n<meta property=\"article:modified_time\" content=\"2026-03-25T17:01:54+00:00\" \/>\n<meta property=\"og:image\" content=\"https:\/\/www.azubicard.de\/koblenz\/wp-content\/uploads\/sites\/23\/2019\/09\/Bavaria-Filmstadt_Vorschaubild-1-1024x1024.jpeg\" \/>\n\t<meta property=\"og:image:width\" content=\"1024\" \/>\n\t<meta property=\"og:image:height\" content=\"1024\" \/>\n\t<meta property=\"og:image:type\" content=\"image\/jpeg\" \/>\n<meta name=\"author\" content=\"newmedialabs\" \/>\n<meta name=\"twitter:card\" content=\"summary_large_image\" \/>\n<meta name=\"twitter:label1\" content=\"Verfasst von\" \/>\n\t<meta name=\"twitter:data1\" content=\"newmedialabs\" \/>\n<script type=\"application\/ld+json\" class=\"yoast-schema-graph\">{\"@context\":\"https:\/\/schema.org\",\"@graph\":[{\"@type\":\"WebPage\",\"@id\":\"https:\/\/www.azubicard.de\/koblenz\/2019\/09\/10\/bavaria-filmstadt\/\",\"url\":\"https:\/\/www.azubicard.de\/koblenz\/2019\/09\/10\/bavaria-filmstadt\/\",\"name\":\"Bavaria Filmstadt M\u00fcnchen - AzubiCard Koblenz\",\"isPartOf\":{\"@id\":\"https:\/\/www.azubicard.de\/koblenz\/#website\"},\"primaryImageOfPage\":{\"@id\":\"https:\/\/www.azubicard.de\/koblenz\/2019\/09\/10\/bavaria-filmstadt\/#primaryimage\"},\"image\":{\"@id\":\"https:\/\/www.azubicard.de\/koblenz\/2019\/09\/10\/bavaria-filmstadt\/#primaryimage\"},\"thumbnailUrl\":\"https:\/\/www.azubicard.de\/koblenz\/wp-content\/uploads\/sites\/23\/2019\/09\/Bavaria-Filmstadt_Vorschaubild-1-1024x1024.jpeg\",\"datePublished\":\"2026-03-25T09:00:47+00:00\",\"dateModified\":\"2026-03-25T17:01:54+00:00\",\"author\":{\"@id\":\"https:\/\/www.azubicard.de\/koblenz\/#\/schema\/person\/04ed6c5ee3f85d438f77d70b59ad8240\"},\"breadcrumb\":{\"@id\":\"https:\/\/www.azubicard.de\/koblenz\/2019\/09\/10\/bavaria-filmstadt\/#breadcrumb\"},\"inLanguage\":\"de\",\"potentialAction\":[{\"@type\":\"ReadAction\",\"target\":[\"https:\/\/www.azubicard.de\/koblenz\/2019\/09\/10\/bavaria-filmstadt\/\"]}]},{\"@type\":\"ImageObject\",\"inLanguage\":\"de\",\"@id\":\"https:\/\/www.azubicard.de\/koblenz\/2019\/09\/10\/bavaria-filmstadt\/#primaryimage\",\"url\":\"https:\/\/www.azubicard.de\/koblenz\/wp-content\/uploads\/sites\/23\/2019\/09\/Bavaria-Filmstadt_Vorschaubild-1-1024x1024.jpeg\",\"contentUrl\":\"https:\/\/www.azubicard.de\/koblenz\/wp-content\/uploads\/sites\/23\/2019\/09\/Bavaria-Filmstadt_Vorschaubild-1-1024x1024.jpeg\",\"width\":1024,\"height\":1024},{\"@type\":\"BreadcrumbList\",\"@id\":\"https:\/\/www.azubicard.de\/koblenz\/2019\/09\/10\/bavaria-filmstadt\/#breadcrumb\",\"itemListElement\":[{\"@type\":\"ListItem\",\"position\":1,\"name\":\"Startseite\",\"item\":\"https:\/\/www.azubicard.de\/koblenz\/\"},{\"@type\":\"ListItem\",\"position\":2,\"name\":\"Bavaria Filmstadt M\u00fcnchen\"}]},{\"@type\":\"WebSite\",\"@id\":\"https:\/\/www.azubicard.de\/koblenz\/#website\",\"url\":\"https:\/\/www.azubicard.de\/koblenz\/\",\"name\":\"AzubiCard Koblenz\",\"description\":\"Eine weitere AzubiCard Website\",\"potentialAction\":[{\"@type\":\"SearchAction\",\"target\":{\"@type\":\"EntryPoint\",\"urlTemplate\":\"https:\/\/www.azubicard.de\/koblenz\/?s={search_term_string}\"},\"query-input\":{\"@type\":\"PropertyValueSpecification\",\"valueRequired\":true,\"valueName\":\"search_term_string\"}}],\"inLanguage\":\"de\"},{\"@type\":\"Person\",\"@id\":\"https:\/\/www.azubicard.de\/koblenz\/#\/schema\/person\/04ed6c5ee3f85d438f77d70b59ad8240\",\"name\":\"newmedialabs\",\"image\":{\"@type\":\"ImageObject\",\"inLanguage\":\"de\",\"@id\":\"https:\/\/www.azubicard.de\/koblenz\/#\/schema\/person\/image\/\",\"url\":\"https:\/\/secure.gravatar.com\/avatar\/61edca5e904cf4237abd51dfd5ed3f61aa79989c3dd21586506a37bdd4ba58ba?s=96&d=mm&r=g\",\"contentUrl\":\"https:\/\/secure.gravatar.com\/avatar\/61edca5e904cf4237abd51dfd5ed3f61aa79989c3dd21586506a37bdd4ba58ba?s=96&d=mm&r=g\",\"caption\":\"newmedialabs\"},\"url\":\"https:\/\/www.azubicard.de\/koblenz\/author\/newmedialabs\/\"}]}<\/script>\n<!-- \/ Yoast SEO plugin. -->","yoast_head_json":{"title":"Bavaria Filmstadt M\u00fcnchen - AzubiCard Koblenz","robots":{"index":"index","follow":"follow","max-snippet":"max-snippet:-1","max-image-preview":"max-image-preview:large","max-video-preview":"max-video-preview:-1"},"canonical":"https:\/\/www.azubicard.de\/koblenz\/2019\/09\/10\/bavaria-filmstadt\/","og_locale":"de_DE","og_type":"article","og_title":"Bavaria Filmstadt M\u00fcnchen - AzubiCard Koblenz","og_description":"Die Bavaria Filmstadt in M\u00fcnchen bietet spannende Einblicke hinter die Kulissen gro\u00dfer Filmproduktionen. Besucher k\u00f6nnen Originalsets besichtigen und in interaktiven Touren selbst in die Welt des Films eintauchen.  Eintrittspreise 2024: Spezielle Konditionen f\u00fcr Azubis!  Ticket \"Filmstadt Kombi\" Filmstadt F\u00fchrung und 4 D Kino Dauer: ca. 2 Stunden Erwachsene 21,- \u20ac statt 23,-\u20ac, Kinder (6 \u2013 17 Jahre) 18,- \u20ac statt 20,- \u20ac  Die angegebenen Sonderkonditionen sind nicht mit anderen Erm\u00e4\u00dfigungen kombinierbar.  &nbsp;","og_url":"https:\/\/www.azubicard.de\/koblenz\/2019\/09\/10\/bavaria-filmstadt\/","og_site_name":"AzubiCard Koblenz","article_published_time":"2026-03-25T09:00:47+00:00","article_modified_time":"2026-03-25T17:01:54+00:00","og_image":[{"width":1024,"height":1024,"url":"https:\/\/www.azubicard.de\/koblenz\/wp-content\/uploads\/sites\/23\/2019\/09\/Bavaria-Filmstadt_Vorschaubild-1-1024x1024.jpeg","type":"image\/jpeg"}],"author":"newmedialabs","twitter_card":"summary_large_image","twitter_misc":{"Verfasst von":"newmedialabs"},"schema":{"@context":"https:\/\/schema.org","@graph":[{"@type":"WebPage","@id":"https:\/\/www.azubicard.de\/koblenz\/2019\/09\/10\/bavaria-filmstadt\/","url":"https:\/\/www.azubicard.de\/koblenz\/2019\/09\/10\/bavaria-filmstadt\/","name":"Bavaria Filmstadt M\u00fcnchen - AzubiCard Koblenz","isPartOf":{"@id":"https:\/\/www.azubicard.de\/koblenz\/#website"},"primaryImageOfPage":{"@id":"https:\/\/www.azubicard.de\/koblenz\/2019\/09\/10\/bavaria-filmstadt\/#primaryimage"},"image":{"@id":"https:\/\/www.azubicard.de\/koblenz\/2019\/09\/10\/bavaria-filmstadt\/#primaryimage"},"thumbnailUrl":"https:\/\/www.azubicard.de\/koblenz\/wp-content\/uploads\/sites\/23\/2019\/09\/Bavaria-Filmstadt_Vorschaubild-1-1024x1024.jpeg","datePublished":"2026-03-25T09:00:47+00:00","dateModified":"2026-03-25T17:01:54+00:00","author":{"@id":"https:\/\/www.azubicard.de\/koblenz\/#\/schema\/person\/04ed6c5ee3f85d438f77d70b59ad8240"},"breadcrumb":{"@id":"https:\/\/www.azubicard.de\/koblenz\/2019\/09\/10\/bavaria-filmstadt\/#breadcrumb"},"inLanguage":"de","potentialAction":[{"@type":"ReadAction","target":["https:\/\/www.azubicard.de\/koblenz\/2019\/09\/10\/bavaria-filmstadt\/"]}]},{"@type":"ImageObject","inLanguage":"de","@id":"https:\/\/www.azubicard.de\/koblenz\/2019\/09\/10\/bavaria-filmstadt\/#primaryimage","url":"https:\/\/www.azubicard.de\/koblenz\/wp-content\/uploads\/sites\/23\/2019\/09\/Bavaria-Filmstadt_Vorschaubild-1-1024x1024.jpeg","contentUrl":"https:\/\/www.azubicard.de\/koblenz\/wp-content\/uploads\/sites\/23\/2019\/09\/Bavaria-Filmstadt_Vorschaubild-1-1024x1024.jpeg","width":1024,"height":1024},{"@type":"BreadcrumbList","@id":"https:\/\/www.azubicard.de\/koblenz\/2019\/09\/10\/bavaria-filmstadt\/#breadcrumb","itemListElement":[{"@type":"ListItem","position":1,"name":"Startseite","item":"https:\/\/www.azubicard.de\/koblenz\/"},{"@type":"ListItem","position":2,"name":"Bavaria Filmstadt M\u00fcnchen"}]},{"@type":"WebSite","@id":"https:\/\/www.azubicard.de\/koblenz\/#website","url":"https:\/\/www.azubicard.de\/koblenz\/","name":"AzubiCard Koblenz","description":"Eine weitere AzubiCard Website","potentialAction":[{"@type":"SearchAction","target":{"@type":"EntryPoint","urlTemplate":"https:\/\/www.azubicard.de\/koblenz\/?s={search_term_string}"},"query-input":{"@type":"PropertyValueSpecification","valueRequired":true,"valueName":"search_term_string"}}],"inLanguage":"de"},{"@type":"Person","@id":"https:\/\/www.azubicard.de\/koblenz\/#\/schema\/person\/04ed6c5ee3f85d438f77d70b59ad8240","name":"newmedialabs","image":{"@type":"ImageObject","inLanguage":"de","@id":"https:\/\/www.azubicard.de\/koblenz\/#\/schema\/person\/image\/","url":"https:\/\/secure.gravatar.com\/avatar\/61edca5e904cf4237abd51dfd5ed3f61aa79989c3dd21586506a37bdd4ba58ba?s=96&d=mm&r=g","contentUrl":"https:\/\/secure.gravatar.com\/avatar\/61edca5e904cf4237abd51dfd5ed3f61aa79989c3dd21586506a37bdd4ba58ba?s=96&d=mm&r=g","caption":"newmedialabs"},"url":"https:\/\/www.azubicard.de\/koblenz\/author\/newmedialabs\/"}]}},"publishpress_future_action":{"enabled":false,"date":"2026-05-07 01:01:17","action":"change-status","newStatus":"draft","terms":[],"taxonomy":"category","extraData":[]},"publishpress_future_workflow_manual_trigger":{"enabledWorkflows":[]},"_links":{"self":[{"href":"https:\/\/www.azubicard.de\/koblenz\/wp-json\/wp\/v2\/posts\/5096","targetHints":{"allow":["GET"]}}],"collection":[{"href":"https:\/\/www.azubicard.de\/koblenz\/wp-json\/wp\/v2\/posts"}],"about":[{"href":"https:\/\/www.azubicard.de\/koblenz\/wp-json\/wp\/v2\/types\/post"}],"author":[{"embeddable":true,"href":"https:\/\/www.azubicard.de\/koblenz\/wp-json\/wp\/v2\/users\/2"}],"replies":[{"embeddable":true,"href":"https:\/\/www.azubicard.de\/koblenz\/wp-json\/wp\/v2\/comments?post=5096"}],"version-history":[{"count":21,"href":"https:\/\/www.azubicard.de\/koblenz\/wp-json\/wp\/v2\/posts\/5096\/revisions"}],"predecessor-version":[{"id":17948,"href":"https:\/\/www.azubicard.de\/koblenz\/wp-json\/wp\/v2\/posts\/5096\/revisions\/17948"}],"wp:featuredmedia":[{"embeddable":true,"href":"https:\/\/www.azubicard.de\/koblenz\/wp-json\/wp\/v2\/media\/1328"}],"wp:attachment":[{"href":"https:\/\/www.azubicard.de\/koblenz\/wp-json\/wp\/v2\/media?parent=5096"}],"wp:term":[{"taxonomy":"category","embeddable":true,"href":"https:\/\/www.azubicard.de\/koblenz\/wp-json\/wp\/v2\/categories?post=5096"},{"taxonomy":"post_tag","embeddable":true,"href":"https:\/\/www.azubicard.de\/koblenz\/wp-json\/wp\/v2\/tags?post=5096"}],"curies":[{"name":"wp","href":"https:\/\/api.w.org\/{rel}","templated":true}]}}