{"id":12567,"date":"2021-09-27T14:55:27","date_gmt":"2021-09-27T12:55:27","guid":{"rendered":"https:\/\/www.azubicard.de\/osnabrueck\/2021\/09\/27\/vital-der-gesundheitsclub\/"},"modified":"2021-09-27T14:55:27","modified_gmt":"2021-09-27T12:55:27","slug":"vital-der-gesundheitsclub","status":"publish","type":"post","link":"https:\/\/www.azubicard.de\/osnabrueck\/2021\/09\/27\/vital-der-gesundheitsclub\/","title":{"rendered":"Vital Der Gesundheitsclub"},"content":{"rendered":"<p>Training der Muskulatur wird immer wichtiger in unserer digitalen Zeit. Sitzen ist das neue Rauchen und l\u00e4sst den K\u00f6rper schneller altern.<\/p>\n<p>Regelm\u00e4\u00dfiges Training im Vital gleicht den Bewegungsmangel aus und verschafft dir einen leistungsf\u00e4higen und atraktiven K\u00f6rper.<\/p>\n<p>Wir bieten euch den Einstieg in den Club ab 39 Euro pro Monat an.<\/p>\n<p><img loading=\"lazy\" decoding=\"async\" class=\"alignnone size-medium wp-image-12569\" src=\"https:\/\/www.azubicard.de\/osnabrueck\/wp-content\/uploads\/sites\/42\/2021\/09\/mg_7033-hdr-300x199.jpg\" alt=\"Title Vital\" width=\"300\" height=\"199\" srcset=\"https:\/\/www.azubicard.de\/osnabrueck\/wp-content\/uploads\/sites\/42\/2021\/09\/mg_7033-hdr-300x199.jpg 300w, https:\/\/www.azubicard.de\/osnabrueck\/wp-content\/uploads\/sites\/42\/2021\/09\/mg_7033-hdr-768x509.jpg 768w, https:\/\/www.azubicard.de\/osnabrueck\/wp-content\/uploads\/sites\/42\/2021\/09\/mg_7033-hdr-120x80.jpg 120w, https:\/\/www.azubicard.de\/osnabrueck\/wp-content\/uploads\/sites\/42\/2021\/09\/mg_7033-hdr.jpg 800w\" sizes=\"auto, (max-width: 300px) 100vw, 300px\" \/> <img loading=\"lazy\" decoding=\"async\" class=\"alignnone size-medium wp-image-12570\" src=\"https:\/\/www.azubicard.de\/osnabrueck\/wp-content\/uploads\/sites\/42\/2021\/09\/mg_7015-hdr-300x200.jpg\" alt=\"Vital 1\" width=\"300\" height=\"200\" srcset=\"https:\/\/www.azubicard.de\/osnabrueck\/wp-content\/uploads\/sites\/42\/2021\/09\/mg_7015-hdr-300x200.jpg 300w, https:\/\/www.azubicard.de\/osnabrueck\/wp-content\/uploads\/sites\/42\/2021\/09\/mg_7015-hdr-768x512.jpg 768w, https:\/\/www.azubicard.de\/osnabrueck\/wp-content\/uploads\/sites\/42\/2021\/09\/mg_7015-hdr-120x80.jpg 120w, https:\/\/www.azubicard.de\/osnabrueck\/wp-content\/uploads\/sites\/42\/2021\/09\/mg_7015-hdr.jpg 800w\" sizes=\"auto, (max-width: 300px) 100vw, 300px\" \/> <img loading=\"lazy\" decoding=\"async\" class=\"alignnone size-medium wp-image-12571\" src=\"https:\/\/www.azubicard.de\/osnabrueck\/wp-content\/uploads\/sites\/42\/2021\/09\/mg_7009-hdr-300x200.jpg\" alt=\"Vital 2\" width=\"300\" height=\"200\" srcset=\"https:\/\/www.azubicard.de\/osnabrueck\/wp-content\/uploads\/sites\/42\/2021\/09\/mg_7009-hdr-300x200.jpg 300w, https:\/\/www.azubicard.de\/osnabrueck\/wp-content\/uploads\/sites\/42\/2021\/09\/mg_7009-hdr-768x512.jpg 768w, https:\/\/www.azubicard.de\/osnabrueck\/wp-content\/uploads\/sites\/42\/2021\/09\/mg_7009-hdr-120x80.jpg 120w, https:\/\/www.azubicard.de\/osnabrueck\/wp-content\/uploads\/sites\/42\/2021\/09\/mg_7009-hdr.jpg 800w\" sizes=\"auto, (max-width: 300px) 100vw, 300px\" \/> <img loading=\"lazy\" decoding=\"async\" class=\"alignnone size-medium wp-image-12572\" src=\"https:\/\/www.azubicard.de\/osnabrueck\/wp-content\/uploads\/sites\/42\/2021\/09\/mg_6931-hdr-300x200.jpg\" alt=\"Vital 3\" width=\"300\" height=\"200\" srcset=\"https:\/\/www.azubicard.de\/osnabrueck\/wp-content\/uploads\/sites\/42\/2021\/09\/mg_6931-hdr-300x200.jpg 300w, https:\/\/www.azubicard.de\/osnabrueck\/wp-content\/uploads\/sites\/42\/2021\/09\/mg_6931-hdr-768x512.jpg 768w, https:\/\/www.azubicard.de\/osnabrueck\/wp-content\/uploads\/sites\/42\/2021\/09\/mg_6931-hdr-120x80.jpg 120w, https:\/\/www.azubicard.de\/osnabrueck\/wp-content\/uploads\/sites\/42\/2021\/09\/mg_6931-hdr.jpg 800w\" sizes=\"auto, (max-width: 300px) 100vw, 300px\" \/><\/p>\n","protected":false},"excerpt":{"rendered":"<p>Training der Muskulatur wird immer wichtiger in unserer digitalen Zeit. Sitzen ist das neue Rauchen und l\u00e4sst den K\u00f6rper schneller altern. Regelm\u00e4\u00dfiges Training im Vital gleicht den Bewegungsmangel aus und verschafft dir einen leistungsf\u00e4higen und atraktiven K\u00f6rper. Wir bieten euch den Einstieg in den Club&#8230;<\/p>\n","protected":false},"author":33,"featured_media":12569,"comment_status":"open","ping_status":"open","sticky":false,"template":"","format":"standard","meta":{"_acf_changed":false,"footnotes":""},"categories":[753,757,760],"tags":[79],"class_list":["post-12567","post","type-post","status-publish","format-standard","has-post-thumbnail","hentry","category-angebote-cottbus","category-cottbus","category-top-angebote-cottbus","tag-freizeit"],"acf":[],"yoast_head":"<!-- This site is optimized with the Yoast SEO plugin v25.5 - https:\/\/yoast.com\/wordpress\/plugins\/seo\/ -->\n<title>Vital Der Gesundheitsclub - AzubiCard Osnabr\u00fcck<\/title>\n<meta name=\"robots\" content=\"index, follow, max-snippet:-1, max-image-preview:large, max-video-preview:-1\" \/>\n<link rel=\"canonical\" href=\"https:\/\/www.azubicard.de\/osnabrueck\/2021\/09\/27\/vital-der-gesundheitsclub\/\" \/>\n<meta property=\"og:locale\" content=\"de_DE\" \/>\n<meta property=\"og:type\" content=\"article\" \/>\n<meta property=\"og:title\" content=\"Vital Der Gesundheitsclub - AzubiCard Osnabr\u00fcck\" \/>\n<meta property=\"og:description\" content=\"Training der Muskulatur wird immer wichtiger in unserer digitalen Zeit. Sitzen ist das neue Rauchen und l\u00e4sst den K\u00f6rper schneller altern. Regelm\u00e4\u00dfiges Training im Vital gleicht den Bewegungsmangel aus und verschafft dir einen leistungsf\u00e4higen und atraktiven K\u00f6rper. Wir bieten euch den Einstieg in den Club...\" \/>\n<meta property=\"og:url\" content=\"https:\/\/www.azubicard.de\/osnabrueck\/2021\/09\/27\/vital-der-gesundheitsclub\/\" \/>\n<meta property=\"og:site_name\" content=\"AzubiCard Osnabr\u00fcck\" \/>\n<meta property=\"article:published_time\" content=\"2021-09-27T12:55:27+00:00\" \/>\n<meta property=\"og:image\" content=\"https:\/\/www.azubicard.de\/osnabrueck\/wp-content\/uploads\/sites\/42\/2021\/09\/mg_7033-hdr.jpg\" \/>\n\t<meta property=\"og:image:width\" content=\"800\" \/>\n\t<meta property=\"og:image:height\" content=\"530\" \/>\n\t<meta property=\"og:image:type\" content=\"image\/jpeg\" \/>\n<meta name=\"author\" content=\"cottbus\" \/>\n<meta name=\"twitter:card\" content=\"summary_large_image\" \/>\n<meta name=\"twitter:label1\" content=\"Verfasst von\" \/>\n\t<meta name=\"twitter:data1\" content=\"cottbus\" \/>\n\t<meta name=\"twitter:label2\" content=\"Gesch\u00e4tzte Lesezeit\" \/>\n\t<meta name=\"twitter:data2\" content=\"2\u00a0Minuten\" \/>\n<script type=\"application\/ld+json\" class=\"yoast-schema-graph\">{\"@context\":\"https:\/\/schema.org\",\"@graph\":[{\"@type\":\"WebPage\",\"@id\":\"https:\/\/www.azubicard.de\/osnabrueck\/2021\/09\/27\/vital-der-gesundheitsclub\/\",\"url\":\"https:\/\/www.azubicard.de\/osnabrueck\/2021\/09\/27\/vital-der-gesundheitsclub\/\",\"name\":\"Vital Der Gesundheitsclub - AzubiCard Osnabr\u00fcck\",\"isPartOf\":{\"@id\":\"https:\/\/www.azubicard.de\/osnabrueck\/#website\"},\"primaryImageOfPage\":{\"@id\":\"https:\/\/www.azubicard.de\/osnabrueck\/2021\/09\/27\/vital-der-gesundheitsclub\/#primaryimage\"},\"image\":{\"@id\":\"https:\/\/www.azubicard.de\/osnabrueck\/2021\/09\/27\/vital-der-gesundheitsclub\/#primaryimage\"},\"thumbnailUrl\":\"https:\/\/www.azubicard.de\/osnabrueck\/wp-content\/uploads\/sites\/42\/2021\/09\/mg_7033-hdr.jpg\",\"datePublished\":\"2021-09-27T12:55:27+00:00\",\"author\":{\"@id\":\"https:\/\/www.azubicard.de\/osnabrueck\/#\/schema\/person\/3ccdfd0624493546dcc1932a80906b7c\"},\"breadcrumb\":{\"@id\":\"https:\/\/www.azubicard.de\/osnabrueck\/2021\/09\/27\/vital-der-gesundheitsclub\/#breadcrumb\"},\"inLanguage\":\"de\",\"potentialAction\":[{\"@type\":\"ReadAction\",\"target\":[\"https:\/\/www.azubicard.de\/osnabrueck\/2021\/09\/27\/vital-der-gesundheitsclub\/\"]}]},{\"@type\":\"ImageObject\",\"inLanguage\":\"de\",\"@id\":\"https:\/\/www.azubicard.de\/osnabrueck\/2021\/09\/27\/vital-der-gesundheitsclub\/#primaryimage\",\"url\":\"https:\/\/www.azubicard.de\/osnabrueck\/wp-content\/uploads\/sites\/42\/2021\/09\/mg_7033-hdr.jpg\",\"contentUrl\":\"https:\/\/www.azubicard.de\/osnabrueck\/wp-content\/uploads\/sites\/42\/2021\/09\/mg_7033-hdr.jpg\",\"width\":800,\"height\":530,\"caption\":\"Title Vital\"},{\"@type\":\"BreadcrumbList\",\"@id\":\"https:\/\/www.azubicard.de\/osnabrueck\/2021\/09\/27\/vital-der-gesundheitsclub\/#breadcrumb\",\"itemListElement\":[{\"@type\":\"ListItem\",\"position\":1,\"name\":\"Startseite\",\"item\":\"https:\/\/www.azubicard.de\/osnabrueck\/\"},{\"@type\":\"ListItem\",\"position\":2,\"name\":\"Vital Der Gesundheitsclub\"}]},{\"@type\":\"WebSite\",\"@id\":\"https:\/\/www.azubicard.de\/osnabrueck\/#website\",\"url\":\"https:\/\/www.azubicard.de\/osnabrueck\/\",\"name\":\"AzubiCard Osnabr\u00fcck\",\"description\":\"Eine weitere AzubiCard Website\",\"potentialAction\":[{\"@type\":\"SearchAction\",\"target\":{\"@type\":\"EntryPoint\",\"urlTemplate\":\"https:\/\/www.azubicard.de\/osnabrueck\/?s={search_term_string}\"},\"query-input\":{\"@type\":\"PropertyValueSpecification\",\"valueRequired\":true,\"valueName\":\"search_term_string\"}}],\"inLanguage\":\"de\"},{\"@type\":\"Person\",\"@id\":\"https:\/\/www.azubicard.de\/osnabrueck\/#\/schema\/person\/3ccdfd0624493546dcc1932a80906b7c\",\"name\":\"cottbus\",\"image\":{\"@type\":\"ImageObject\",\"inLanguage\":\"de\",\"@id\":\"https:\/\/www.azubicard.de\/osnabrueck\/#\/schema\/person\/image\/\",\"url\":\"https:\/\/secure.gravatar.com\/avatar\/5a3e9bd752c2ba22b8460c0043c21f8e1d35e733d1574a78cb8398b05bfa2863?s=96&d=mm&r=g\",\"contentUrl\":\"https:\/\/secure.gravatar.com\/avatar\/5a3e9bd752c2ba22b8460c0043c21f8e1d35e733d1574a78cb8398b05bfa2863?s=96&d=mm&r=g\",\"caption\":\"cottbus\"},\"url\":\"https:\/\/www.azubicard.de\/osnabrueck\/author\/cottbus\/\"}]}<\/script>\n<!-- \/ Yoast SEO plugin. -->","yoast_head_json":{"title":"Vital Der Gesundheitsclub - AzubiCard Osnabr\u00fcck","robots":{"index":"index","follow":"follow","max-snippet":"max-snippet:-1","max-image-preview":"max-image-preview:large","max-video-preview":"max-video-preview:-1"},"canonical":"https:\/\/www.azubicard.de\/osnabrueck\/2021\/09\/27\/vital-der-gesundheitsclub\/","og_locale":"de_DE","og_type":"article","og_title":"Vital Der Gesundheitsclub - AzubiCard Osnabr\u00fcck","og_description":"Training der Muskulatur wird immer wichtiger in unserer digitalen Zeit. Sitzen ist das neue Rauchen und l\u00e4sst den K\u00f6rper schneller altern. Regelm\u00e4\u00dfiges Training im Vital gleicht den Bewegungsmangel aus und verschafft dir einen leistungsf\u00e4higen und atraktiven K\u00f6rper. Wir bieten euch den Einstieg in den Club...","og_url":"https:\/\/www.azubicard.de\/osnabrueck\/2021\/09\/27\/vital-der-gesundheitsclub\/","og_site_name":"AzubiCard Osnabr\u00fcck","article_published_time":"2021-09-27T12:55:27+00:00","og_image":[{"width":800,"height":530,"url":"https:\/\/www.azubicard.de\/osnabrueck\/wp-content\/uploads\/sites\/42\/2021\/09\/mg_7033-hdr.jpg","type":"image\/jpeg"}],"author":"cottbus","twitter_card":"summary_large_image","twitter_misc":{"Verfasst von":"cottbus","Gesch\u00e4tzte Lesezeit":"2\u00a0Minuten"},"schema":{"@context":"https:\/\/schema.org","@graph":[{"@type":"WebPage","@id":"https:\/\/www.azubicard.de\/osnabrueck\/2021\/09\/27\/vital-der-gesundheitsclub\/","url":"https:\/\/www.azubicard.de\/osnabrueck\/2021\/09\/27\/vital-der-gesundheitsclub\/","name":"Vital Der Gesundheitsclub - AzubiCard Osnabr\u00fcck","isPartOf":{"@id":"https:\/\/www.azubicard.de\/osnabrueck\/#website"},"primaryImageOfPage":{"@id":"https:\/\/www.azubicard.de\/osnabrueck\/2021\/09\/27\/vital-der-gesundheitsclub\/#primaryimage"},"image":{"@id":"https:\/\/www.azubicard.de\/osnabrueck\/2021\/09\/27\/vital-der-gesundheitsclub\/#primaryimage"},"thumbnailUrl":"https:\/\/www.azubicard.de\/osnabrueck\/wp-content\/uploads\/sites\/42\/2021\/09\/mg_7033-hdr.jpg","datePublished":"2021-09-27T12:55:27+00:00","author":{"@id":"https:\/\/www.azubicard.de\/osnabrueck\/#\/schema\/person\/3ccdfd0624493546dcc1932a80906b7c"},"breadcrumb":{"@id":"https:\/\/www.azubicard.de\/osnabrueck\/2021\/09\/27\/vital-der-gesundheitsclub\/#breadcrumb"},"inLanguage":"de","potentialAction":[{"@type":"ReadAction","target":["https:\/\/www.azubicard.de\/osnabrueck\/2021\/09\/27\/vital-der-gesundheitsclub\/"]}]},{"@type":"ImageObject","inLanguage":"de","@id":"https:\/\/www.azubicard.de\/osnabrueck\/2021\/09\/27\/vital-der-gesundheitsclub\/#primaryimage","url":"https:\/\/www.azubicard.de\/osnabrueck\/wp-content\/uploads\/sites\/42\/2021\/09\/mg_7033-hdr.jpg","contentUrl":"https:\/\/www.azubicard.de\/osnabrueck\/wp-content\/uploads\/sites\/42\/2021\/09\/mg_7033-hdr.jpg","width":800,"height":530,"caption":"Title Vital"},{"@type":"BreadcrumbList","@id":"https:\/\/www.azubicard.de\/osnabrueck\/2021\/09\/27\/vital-der-gesundheitsclub\/#breadcrumb","itemListElement":[{"@type":"ListItem","position":1,"name":"Startseite","item":"https:\/\/www.azubicard.de\/osnabrueck\/"},{"@type":"ListItem","position":2,"name":"Vital Der Gesundheitsclub"}]},{"@type":"WebSite","@id":"https:\/\/www.azubicard.de\/osnabrueck\/#website","url":"https:\/\/www.azubicard.de\/osnabrueck\/","name":"AzubiCard Osnabr\u00fcck","description":"Eine weitere AzubiCard Website","potentialAction":[{"@type":"SearchAction","target":{"@type":"EntryPoint","urlTemplate":"https:\/\/www.azubicard.de\/osnabrueck\/?s={search_term_string}"},"query-input":{"@type":"PropertyValueSpecification","valueRequired":true,"valueName":"search_term_string"}}],"inLanguage":"de"},{"@type":"Person","@id":"https:\/\/www.azubicard.de\/osnabrueck\/#\/schema\/person\/3ccdfd0624493546dcc1932a80906b7c","name":"cottbus","image":{"@type":"ImageObject","inLanguage":"de","@id":"https:\/\/www.azubicard.de\/osnabrueck\/#\/schema\/person\/image\/","url":"https:\/\/secure.gravatar.com\/avatar\/5a3e9bd752c2ba22b8460c0043c21f8e1d35e733d1574a78cb8398b05bfa2863?s=96&d=mm&r=g","contentUrl":"https:\/\/secure.gravatar.com\/avatar\/5a3e9bd752c2ba22b8460c0043c21f8e1d35e733d1574a78cb8398b05bfa2863?s=96&d=mm&r=g","caption":"cottbus"},"url":"https:\/\/www.azubicard.de\/osnabrueck\/author\/cottbus\/"}]}},"publishpress_future_action":{"enabled":false,"date":"2026-05-06 17:50:52","action":"change-status","newStatus":"draft","terms":[],"taxonomy":"category","extraData":[]},"publishpress_future_workflow_manual_trigger":{"enabledWorkflows":[]},"_links":{"self":[{"href":"https:\/\/www.azubicard.de\/osnabrueck\/wp-json\/wp\/v2\/posts\/12567","targetHints":{"allow":["GET"]}}],"collection":[{"href":"https:\/\/www.azubicard.de\/osnabrueck\/wp-json\/wp\/v2\/posts"}],"about":[{"href":"https:\/\/www.azubicard.de\/osnabrueck\/wp-json\/wp\/v2\/types\/post"}],"author":[{"embeddable":true,"href":"https:\/\/www.azubicard.de\/osnabrueck\/wp-json\/wp\/v2\/users\/33"}],"replies":[{"embeddable":true,"href":"https:\/\/www.azubicard.de\/osnabrueck\/wp-json\/wp\/v2\/comments?post=12567"}],"version-history":[{"count":1,"href":"https:\/\/www.azubicard.de\/osnabrueck\/wp-json\/wp\/v2\/posts\/12567\/revisions"}],"predecessor-version":[{"id":12573,"href":"https:\/\/www.azubicard.de\/osnabrueck\/wp-json\/wp\/v2\/posts\/12567\/revisions\/12573"}],"wp:featuredmedia":[{"embeddable":true,"href":"https:\/\/www.azubicard.de\/osnabrueck\/wp-json\/wp\/v2\/media\/12569"}],"wp:attachment":[{"href":"https:\/\/www.azubicard.de\/osnabrueck\/wp-json\/wp\/v2\/media?parent=12567"}],"wp:term":[{"taxonomy":"category","embeddable":true,"href":"https:\/\/www.azubicard.de\/osnabrueck\/wp-json\/wp\/v2\/categories?post=12567"},{"taxonomy":"post_tag","embeddable":true,"href":"https:\/\/www.azubicard.de\/osnabrueck\/wp-json\/wp\/v2\/tags?post=12567"}],"curies":[{"name":"wp","href":"https:\/\/api.w.org\/{rel}","templated":true}]}}