{"id":14092,"date":"2022-05-04T13:44:54","date_gmt":"2022-05-04T11:44:54","guid":{"rendered":"https:\/\/www.azubicard.de\/osnabrueck\/?p=14092"},"modified":"2022-11-18T08:29:01","modified_gmt":"2022-11-18T07:29:01","slug":"le-gateau-rose-moderne-patisserie-trifft-auf-fruehstueck-den-ganzen-tag","status":"publish","type":"post","link":"https:\/\/www.azubicard.de\/osnabrueck\/2022\/05\/04\/le-gateau-rose-moderne-patisserie-trifft-auf-fruehstueck-den-ganzen-tag\/","title":{"rendered":"Le G\u00e2teau Rose \u2013 Moderne Patisserie trifft auf Fr\u00fchst\u00fcck den ganzen Tag"},"content":{"rendered":"<p>Das Le G\u00e2teau rose liebt S\u00fc\u00dfes! Egal ob zum Fr\u00fchst\u00fcck, zum Kaffee oder zwischendurch. In dem gem\u00fctlichen Caf\u00e9 in Bad Saarow trifft die Welt der modernen Patisserie auf einen bunten Mix an internationalen Fr\u00fchst\u00fccksvariationen mit s\u00fc\u00dfen, herzhaften und gesunden Elementen. Das klingt ziemlich bunt? Ist es auch! Sowohl im Caf\u00e9 als auch in der Tortenmanufraktur wird gerne neu interpretiert, wobei nie der Boden unter den F\u00fc\u00dfen verloren wird. Bei der Herstellung der Kuchen und Torten sind regionale Produkte und Lieferanten besonders wichtig \u2013 so garantiert das Caf\u00e9 beste nat\u00fcrliche Zutaten, die tagesfrisch verarbeitet werden. Wenig Chichi, daf\u00fcr viel authentisches Handwerk und Geschmack. Das ist f\u00fcr das Le G\u00e2teau rose die pure Lebensfreude!<\/p>\n\n\t\t<style type=\"text\/css\">\n\t\t\t#gallery-1 {\n\t\t\t\tmargin: auto;\n\t\t\t}\n\t\t\t#gallery-1 .gallery-item {\n\t\t\t\tfloat: left;\n\t\t\t\tmargin-top: 10px;\n\t\t\t\ttext-align: center;\n\t\t\t\twidth: 33%;\n\t\t\t}\n\t\t\t#gallery-1 img {\n\t\t\t\tborder: 2px solid #cfcfcf;\n\t\t\t}\n\t\t\t#gallery-1 .gallery-caption {\n\t\t\t\tmargin-left: 0;\n\t\t\t}\n\t\t\t\/* see gallery_shortcode() in wp-includes\/media.php *\/\n\t\t<\/style>\n\t\t<div id='gallery-1' class='gallery galleryid-14092 gallery-columns-3 gallery-size-medium'><dl class='gallery-item'>\n\t\t\t<dt class='gallery-icon landscape'>\n\t\t\t\t<a href='https:\/\/www.azubicard.de\/osnabrueck\/2022\/05\/04\/le-gateau-rose-moderne-patisserie-trifft-auf-fruehstueck-den-ganzen-tag\/4v4a6452\/'><img loading=\"lazy\" decoding=\"async\" width=\"300\" height=\"200\" src=\"https:\/\/www.azubicard.de\/osnabrueck\/wp-content\/uploads\/sites\/42\/2022\/11\/4V4A6452-300x200.jpg\" class=\"attachment-medium size-medium\" alt=\"\" srcset=\"https:\/\/www.azubicard.de\/osnabrueck\/wp-content\/uploads\/sites\/42\/2022\/11\/4V4A6452-300x200.jpg 300w, https:\/\/www.azubicard.de\/osnabrueck\/wp-content\/uploads\/sites\/42\/2022\/11\/4V4A6452-1024x683.jpg 1024w, https:\/\/www.azubicard.de\/osnabrueck\/wp-content\/uploads\/sites\/42\/2022\/11\/4V4A6452-768x512.jpg 768w, https:\/\/www.azubicard.de\/osnabrueck\/wp-content\/uploads\/sites\/42\/2022\/11\/4V4A6452-120x80.jpg 120w, https:\/\/www.azubicard.de\/osnabrueck\/wp-content\/uploads\/sites\/42\/2022\/11\/4V4A6452-1536x1024.jpg 1536w, https:\/\/www.azubicard.de\/osnabrueck\/wp-content\/uploads\/sites\/42\/2022\/11\/4V4A6452-2048x1366.jpg 2048w\" sizes=\"auto, (max-width: 300px) 100vw, 300px\" \/><\/a>\n\t\t\t<\/dt><\/dl><dl class='gallery-item'>\n\t\t\t<dt class='gallery-icon landscape'>\n\t\t\t\t<a href='https:\/\/www.azubicard.de\/osnabrueck\/2022\/05\/04\/le-gateau-rose-moderne-patisserie-trifft-auf-fruehstueck-den-ganzen-tag\/210604_le-ga%cc%82teau-rose-interior_-c-artprojekt_7\/'><img loading=\"lazy\" decoding=\"async\" width=\"300\" height=\"200\" src=\"https:\/\/www.azubicard.de\/osnabrueck\/wp-content\/uploads\/sites\/42\/2022\/11\/210604_Le-Ga\u0302teau-rose-Interior_-c-Artprojekt_7-scaled-300x200.jpg\" class=\"attachment-medium size-medium\" alt=\"\" srcset=\"https:\/\/www.azubicard.de\/osnabrueck\/wp-content\/uploads\/sites\/42\/2022\/11\/210604_Le-Ga\u0302teau-rose-Interior_-c-Artprojekt_7-scaled-300x200.jpg 300w, https:\/\/www.azubicard.de\/osnabrueck\/wp-content\/uploads\/sites\/42\/2022\/11\/210604_Le-Ga\u0302teau-rose-Interior_-c-Artprojekt_7-scaled-1024x683.jpg 1024w, https:\/\/www.azubicard.de\/osnabrueck\/wp-content\/uploads\/sites\/42\/2022\/11\/210604_Le-Ga\u0302teau-rose-Interior_-c-Artprojekt_7-scaled-768x512.jpg 768w, https:\/\/www.azubicard.de\/osnabrueck\/wp-content\/uploads\/sites\/42\/2022\/11\/210604_Le-Ga\u0302teau-rose-Interior_-c-Artprojekt_7-scaled-120x80.jpg 120w, https:\/\/www.azubicard.de\/osnabrueck\/wp-content\/uploads\/sites\/42\/2022\/11\/210604_Le-Ga\u0302teau-rose-Interior_-c-Artprojekt_7-scaled-1536x1024.jpg 1536w, https:\/\/www.azubicard.de\/osnabrueck\/wp-content\/uploads\/sites\/42\/2022\/11\/210604_Le-Ga\u0302teau-rose-Interior_-c-Artprojekt_7-scaled-2048x1366.jpg 2048w\" sizes=\"auto, (max-width: 300px) 100vw, 300px\" \/><\/a>\n\t\t\t<\/dt><\/dl><dl class='gallery-item'>\n\t\t\t<dt class='gallery-icon landscape'>\n\t\t\t\t<a href='https:\/\/www.azubicard.de\/osnabrueck\/2022\/05\/04\/le-gateau-rose-moderne-patisserie-trifft-auf-fruehstueck-den-ganzen-tag\/img_8793\/'><img loading=\"lazy\" decoding=\"async\" width=\"300\" height=\"200\" src=\"https:\/\/www.azubicard.de\/osnabrueck\/wp-content\/uploads\/sites\/42\/2022\/11\/IMG_8793-300x200.jpg\" class=\"attachment-medium size-medium\" alt=\"\" srcset=\"https:\/\/www.azubicard.de\/osnabrueck\/wp-content\/uploads\/sites\/42\/2022\/11\/IMG_8793-300x200.jpg 300w, https:\/\/www.azubicard.de\/osnabrueck\/wp-content\/uploads\/sites\/42\/2022\/11\/IMG_8793-1024x682.jpg 1024w, https:\/\/www.azubicard.de\/osnabrueck\/wp-content\/uploads\/sites\/42\/2022\/11\/IMG_8793-768x512.jpg 768w, https:\/\/www.azubicard.de\/osnabrueck\/wp-content\/uploads\/sites\/42\/2022\/11\/IMG_8793-120x80.jpg 120w, https:\/\/www.azubicard.de\/osnabrueck\/wp-content\/uploads\/sites\/42\/2022\/11\/IMG_8793-1536x1024.jpg 1536w, https:\/\/www.azubicard.de\/osnabrueck\/wp-content\/uploads\/sites\/42\/2022\/11\/IMG_8793.jpg 2000w\" sizes=\"auto, (max-width: 300px) 100vw, 300px\" \/><\/a>\n\t\t\t<\/dt><\/dl><br style=\"clear: both\" \/>\n\t\t<\/div>\n\n","protected":false},"excerpt":{"rendered":"<p>Das Le G\u00e2teau rose liebt S\u00fc\u00dfes! Egal ob zum Fr\u00fchst\u00fcck, zum Kaffee oder zwischendurch. In dem gem\u00fctlichen Caf\u00e9 in Bad Saarow trifft die Welt der modernen Patisserie auf einen bunten Mix an internationalen Fr\u00fchst\u00fccksvariationen mit s\u00fc\u00dfen, herzhaften und gesunden Elementen. Das klingt ziemlich bunt? Ist&#8230;<\/p>\n","protected":false},"author":2,"featured_media":15489,"comment_status":"open","ping_status":"open","sticky":false,"template":"","format":"standard","meta":{"_acf_changed":false,"footnotes":""},"categories":[728,721,729],"tags":[81],"class_list":["post-14092","post","type-post","status-publish","format-standard","has-post-thumbnail","hentry","category-angebote-ostbrandenburg","category-ostbrandenburg","category-top-angebote-ostbrandenburg","tag-essen-trinken"],"acf":[],"yoast_head":"<!-- This site is optimized with the Yoast SEO plugin v25.5 - https:\/\/yoast.com\/wordpress\/plugins\/seo\/ -->\n<title>Le G\u00e2teau Rose \u2013 Moderne Patisserie trifft auf Fr\u00fchst\u00fcck den ganzen Tag - AzubiCard Osnabr\u00fcck<\/title>\n<meta name=\"robots\" content=\"index, follow, max-snippet:-1, max-image-preview:large, max-video-preview:-1\" \/>\n<link rel=\"canonical\" href=\"https:\/\/www.azubicard.de\/osnabrueck\/2022\/05\/04\/le-gateau-rose-moderne-patisserie-trifft-auf-fruehstueck-den-ganzen-tag\/\" \/>\n<meta property=\"og:locale\" content=\"de_DE\" \/>\n<meta property=\"og:type\" content=\"article\" \/>\n<meta property=\"og:title\" content=\"Le G\u00e2teau Rose \u2013 Moderne Patisserie trifft auf Fr\u00fchst\u00fcck den ganzen Tag - AzubiCard Osnabr\u00fcck\" \/>\n<meta property=\"og:description\" content=\"Das Le G\u00e2teau rose liebt S\u00fc\u00dfes! Egal ob zum Fr\u00fchst\u00fcck, zum Kaffee oder zwischendurch. In dem gem\u00fctlichen Caf\u00e9 in Bad Saarow trifft die Welt der modernen Patisserie auf einen bunten Mix an internationalen Fr\u00fchst\u00fccksvariationen mit s\u00fc\u00dfen, herzhaften und gesunden Elementen. Das klingt ziemlich bunt? Ist...\" \/>\n<meta property=\"og:url\" content=\"https:\/\/www.azubicard.de\/osnabrueck\/2022\/05\/04\/le-gateau-rose-moderne-patisserie-trifft-auf-fruehstueck-den-ganzen-tag\/\" \/>\n<meta property=\"og:site_name\" content=\"AzubiCard Osnabr\u00fcck\" \/>\n<meta property=\"article:published_time\" content=\"2022-05-04T11:44:54+00:00\" \/>\n<meta property=\"article:modified_time\" content=\"2022-11-18T07:29:01+00:00\" \/>\n<meta property=\"og:image\" content=\"https:\/\/www.azubicard.de\/osnabrueck\/wp-content\/uploads\/sites\/42\/2022\/05\/Le_Gateau_rose_Wort-Bild-Marke_RGB.jpeg\" \/>\n\t<meta property=\"og:image:width\" content=\"2000\" \/>\n\t<meta property=\"og:image:height\" content=\"2000\" \/>\n\t<meta property=\"og:image:type\" content=\"image\/jpeg\" \/>\n<meta name=\"author\" content=\"newmedialabs\" \/>\n<meta name=\"twitter:card\" content=\"summary_large_image\" \/>\n<meta name=\"twitter:label1\" content=\"Verfasst von\" \/>\n\t<meta name=\"twitter:data1\" content=\"newmedialabs\" \/>\n\t<meta name=\"twitter:label2\" content=\"Gesch\u00e4tzte Lesezeit\" \/>\n\t<meta name=\"twitter:data2\" content=\"1\u00a0Minute\" \/>\n<script type=\"application\/ld+json\" class=\"yoast-schema-graph\">{\"@context\":\"https:\/\/schema.org\",\"@graph\":[{\"@type\":\"WebPage\",\"@id\":\"https:\/\/www.azubicard.de\/osnabrueck\/2022\/05\/04\/le-gateau-rose-moderne-patisserie-trifft-auf-fruehstueck-den-ganzen-tag\/\",\"url\":\"https:\/\/www.azubicard.de\/osnabrueck\/2022\/05\/04\/le-gateau-rose-moderne-patisserie-trifft-auf-fruehstueck-den-ganzen-tag\/\",\"name\":\"Le G\u00e2teau Rose \u2013 Moderne Patisserie trifft auf Fr\u00fchst\u00fcck den ganzen Tag - AzubiCard Osnabr\u00fcck\",\"isPartOf\":{\"@id\":\"https:\/\/www.azubicard.de\/osnabrueck\/#website\"},\"primaryImageOfPage\":{\"@id\":\"https:\/\/www.azubicard.de\/osnabrueck\/2022\/05\/04\/le-gateau-rose-moderne-patisserie-trifft-auf-fruehstueck-den-ganzen-tag\/#primaryimage\"},\"image\":{\"@id\":\"https:\/\/www.azubicard.de\/osnabrueck\/2022\/05\/04\/le-gateau-rose-moderne-patisserie-trifft-auf-fruehstueck-den-ganzen-tag\/#primaryimage\"},\"thumbnailUrl\":\"https:\/\/www.azubicard.de\/osnabrueck\/wp-content\/uploads\/sites\/42\/2022\/11\/210219-Le-Gateau-rose-Food-2-scaled.jpg\",\"datePublished\":\"2022-05-04T11:44:54+00:00\",\"dateModified\":\"2022-11-18T07:29:01+00:00\",\"author\":{\"@id\":\"https:\/\/www.azubicard.de\/osnabrueck\/#\/schema\/person\/04ed6c5ee3f85d438f77d70b59ad8240\"},\"breadcrumb\":{\"@id\":\"https:\/\/www.azubicard.de\/osnabrueck\/2022\/05\/04\/le-gateau-rose-moderne-patisserie-trifft-auf-fruehstueck-den-ganzen-tag\/#breadcrumb\"},\"inLanguage\":\"de\",\"potentialAction\":[{\"@type\":\"ReadAction\",\"target\":[\"https:\/\/www.azubicard.de\/osnabrueck\/2022\/05\/04\/le-gateau-rose-moderne-patisserie-trifft-auf-fruehstueck-den-ganzen-tag\/\"]}]},{\"@type\":\"ImageObject\",\"inLanguage\":\"de\",\"@id\":\"https:\/\/www.azubicard.de\/osnabrueck\/2022\/05\/04\/le-gateau-rose-moderne-patisserie-trifft-auf-fruehstueck-den-ganzen-tag\/#primaryimage\",\"url\":\"https:\/\/www.azubicard.de\/osnabrueck\/wp-content\/uploads\/sites\/42\/2022\/11\/210219-Le-Gateau-rose-Food-2-scaled.jpg\",\"contentUrl\":\"https:\/\/www.azubicard.de\/osnabrueck\/wp-content\/uploads\/sites\/42\/2022\/11\/210219-Le-Gateau-rose-Food-2-scaled.jpg\",\"width\":2560,\"height\":1707,\"caption\":\"Le Gateau rose\"},{\"@type\":\"BreadcrumbList\",\"@id\":\"https:\/\/www.azubicard.de\/osnabrueck\/2022\/05\/04\/le-gateau-rose-moderne-patisserie-trifft-auf-fruehstueck-den-ganzen-tag\/#breadcrumb\",\"itemListElement\":[{\"@type\":\"ListItem\",\"position\":1,\"name\":\"Startseite\",\"item\":\"https:\/\/www.azubicard.de\/osnabrueck\/\"},{\"@type\":\"ListItem\",\"position\":2,\"name\":\"Le G\u00e2teau Rose \u2013 Moderne Patisserie trifft auf Fr\u00fchst\u00fcck den ganzen Tag\"}]},{\"@type\":\"WebSite\",\"@id\":\"https:\/\/www.azubicard.de\/osnabrueck\/#website\",\"url\":\"https:\/\/www.azubicard.de\/osnabrueck\/\",\"name\":\"AzubiCard Osnabr\u00fcck\",\"description\":\"Eine weitere AzubiCard Website\",\"potentialAction\":[{\"@type\":\"SearchAction\",\"target\":{\"@type\":\"EntryPoint\",\"urlTemplate\":\"https:\/\/www.azubicard.de\/osnabrueck\/?s={search_term_string}\"},\"query-input\":{\"@type\":\"PropertyValueSpecification\",\"valueRequired\":true,\"valueName\":\"search_term_string\"}}],\"inLanguage\":\"de\"},{\"@type\":\"Person\",\"@id\":\"https:\/\/www.azubicard.de\/osnabrueck\/#\/schema\/person\/04ed6c5ee3f85d438f77d70b59ad8240\",\"name\":\"newmedialabs\",\"image\":{\"@type\":\"ImageObject\",\"inLanguage\":\"de\",\"@id\":\"https:\/\/www.azubicard.de\/osnabrueck\/#\/schema\/person\/image\/\",\"url\":\"https:\/\/secure.gravatar.com\/avatar\/61edca5e904cf4237abd51dfd5ed3f61aa79989c3dd21586506a37bdd4ba58ba?s=96&d=mm&r=g\",\"contentUrl\":\"https:\/\/secure.gravatar.com\/avatar\/61edca5e904cf4237abd51dfd5ed3f61aa79989c3dd21586506a37bdd4ba58ba?s=96&d=mm&r=g\",\"caption\":\"newmedialabs\"},\"url\":\"https:\/\/www.azubicard.de\/osnabrueck\/author\/newmedialabs\/\"}]}<\/script>\n<!-- \/ Yoast SEO plugin. -->","yoast_head_json":{"title":"Le G\u00e2teau Rose \u2013 Moderne Patisserie trifft auf Fr\u00fchst\u00fcck den ganzen Tag - AzubiCard Osnabr\u00fcck","robots":{"index":"index","follow":"follow","max-snippet":"max-snippet:-1","max-image-preview":"max-image-preview:large","max-video-preview":"max-video-preview:-1"},"canonical":"https:\/\/www.azubicard.de\/osnabrueck\/2022\/05\/04\/le-gateau-rose-moderne-patisserie-trifft-auf-fruehstueck-den-ganzen-tag\/","og_locale":"de_DE","og_type":"article","og_title":"Le G\u00e2teau Rose \u2013 Moderne Patisserie trifft auf Fr\u00fchst\u00fcck den ganzen Tag - AzubiCard Osnabr\u00fcck","og_description":"Das Le G\u00e2teau rose liebt S\u00fc\u00dfes! Egal ob zum Fr\u00fchst\u00fcck, zum Kaffee oder zwischendurch. In dem gem\u00fctlichen Caf\u00e9 in Bad Saarow trifft die Welt der modernen Patisserie auf einen bunten Mix an internationalen Fr\u00fchst\u00fccksvariationen mit s\u00fc\u00dfen, herzhaften und gesunden Elementen. Das klingt ziemlich bunt? Ist...","og_url":"https:\/\/www.azubicard.de\/osnabrueck\/2022\/05\/04\/le-gateau-rose-moderne-patisserie-trifft-auf-fruehstueck-den-ganzen-tag\/","og_site_name":"AzubiCard Osnabr\u00fcck","article_published_time":"2022-05-04T11:44:54+00:00","article_modified_time":"2022-11-18T07:29:01+00:00","og_image":[{"width":2000,"height":2000,"url":"https:\/\/www.azubicard.de\/osnabrueck\/wp-content\/uploads\/sites\/42\/2022\/05\/Le_Gateau_rose_Wort-Bild-Marke_RGB.jpeg","type":"image\/jpeg"}],"author":"newmedialabs","twitter_card":"summary_large_image","twitter_misc":{"Verfasst von":"newmedialabs","Gesch\u00e4tzte Lesezeit":"1\u00a0Minute"},"schema":{"@context":"https:\/\/schema.org","@graph":[{"@type":"WebPage","@id":"https:\/\/www.azubicard.de\/osnabrueck\/2022\/05\/04\/le-gateau-rose-moderne-patisserie-trifft-auf-fruehstueck-den-ganzen-tag\/","url":"https:\/\/www.azubicard.de\/osnabrueck\/2022\/05\/04\/le-gateau-rose-moderne-patisserie-trifft-auf-fruehstueck-den-ganzen-tag\/","name":"Le G\u00e2teau Rose \u2013 Moderne Patisserie trifft auf Fr\u00fchst\u00fcck den ganzen Tag - AzubiCard Osnabr\u00fcck","isPartOf":{"@id":"https:\/\/www.azubicard.de\/osnabrueck\/#website"},"primaryImageOfPage":{"@id":"https:\/\/www.azubicard.de\/osnabrueck\/2022\/05\/04\/le-gateau-rose-moderne-patisserie-trifft-auf-fruehstueck-den-ganzen-tag\/#primaryimage"},"image":{"@id":"https:\/\/www.azubicard.de\/osnabrueck\/2022\/05\/04\/le-gateau-rose-moderne-patisserie-trifft-auf-fruehstueck-den-ganzen-tag\/#primaryimage"},"thumbnailUrl":"https:\/\/www.azubicard.de\/osnabrueck\/wp-content\/uploads\/sites\/42\/2022\/11\/210219-Le-Gateau-rose-Food-2-scaled.jpg","datePublished":"2022-05-04T11:44:54+00:00","dateModified":"2022-11-18T07:29:01+00:00","author":{"@id":"https:\/\/www.azubicard.de\/osnabrueck\/#\/schema\/person\/04ed6c5ee3f85d438f77d70b59ad8240"},"breadcrumb":{"@id":"https:\/\/www.azubicard.de\/osnabrueck\/2022\/05\/04\/le-gateau-rose-moderne-patisserie-trifft-auf-fruehstueck-den-ganzen-tag\/#breadcrumb"},"inLanguage":"de","potentialAction":[{"@type":"ReadAction","target":["https:\/\/www.azubicard.de\/osnabrueck\/2022\/05\/04\/le-gateau-rose-moderne-patisserie-trifft-auf-fruehstueck-den-ganzen-tag\/"]}]},{"@type":"ImageObject","inLanguage":"de","@id":"https:\/\/www.azubicard.de\/osnabrueck\/2022\/05\/04\/le-gateau-rose-moderne-patisserie-trifft-auf-fruehstueck-den-ganzen-tag\/#primaryimage","url":"https:\/\/www.azubicard.de\/osnabrueck\/wp-content\/uploads\/sites\/42\/2022\/11\/210219-Le-Gateau-rose-Food-2-scaled.jpg","contentUrl":"https:\/\/www.azubicard.de\/osnabrueck\/wp-content\/uploads\/sites\/42\/2022\/11\/210219-Le-Gateau-rose-Food-2-scaled.jpg","width":2560,"height":1707,"caption":"Le Gateau rose"},{"@type":"BreadcrumbList","@id":"https:\/\/www.azubicard.de\/osnabrueck\/2022\/05\/04\/le-gateau-rose-moderne-patisserie-trifft-auf-fruehstueck-den-ganzen-tag\/#breadcrumb","itemListElement":[{"@type":"ListItem","position":1,"name":"Startseite","item":"https:\/\/www.azubicard.de\/osnabrueck\/"},{"@type":"ListItem","position":2,"name":"Le G\u00e2teau Rose \u2013 Moderne Patisserie trifft auf Fr\u00fchst\u00fcck den ganzen Tag"}]},{"@type":"WebSite","@id":"https:\/\/www.azubicard.de\/osnabrueck\/#website","url":"https:\/\/www.azubicard.de\/osnabrueck\/","name":"AzubiCard Osnabr\u00fcck","description":"Eine weitere AzubiCard Website","potentialAction":[{"@type":"SearchAction","target":{"@type":"EntryPoint","urlTemplate":"https:\/\/www.azubicard.de\/osnabrueck\/?s={search_term_string}"},"query-input":{"@type":"PropertyValueSpecification","valueRequired":true,"valueName":"search_term_string"}}],"inLanguage":"de"},{"@type":"Person","@id":"https:\/\/www.azubicard.de\/osnabrueck\/#\/schema\/person\/04ed6c5ee3f85d438f77d70b59ad8240","name":"newmedialabs","image":{"@type":"ImageObject","inLanguage":"de","@id":"https:\/\/www.azubicard.de\/osnabrueck\/#\/schema\/person\/image\/","url":"https:\/\/secure.gravatar.com\/avatar\/61edca5e904cf4237abd51dfd5ed3f61aa79989c3dd21586506a37bdd4ba58ba?s=96&d=mm&r=g","contentUrl":"https:\/\/secure.gravatar.com\/avatar\/61edca5e904cf4237abd51dfd5ed3f61aa79989c3dd21586506a37bdd4ba58ba?s=96&d=mm&r=g","caption":"newmedialabs"},"url":"https:\/\/www.azubicard.de\/osnabrueck\/author\/newmedialabs\/"}]}},"publishpress_future_action":{"enabled":false,"date":"2026-05-09 11:02:42","action":"change-status","newStatus":"draft","terms":[],"taxonomy":"category","extraData":[]},"publishpress_future_workflow_manual_trigger":{"enabledWorkflows":[]},"_links":{"self":[{"href":"https:\/\/www.azubicard.de\/osnabrueck\/wp-json\/wp\/v2\/posts\/14092","targetHints":{"allow":["GET"]}}],"collection":[{"href":"https:\/\/www.azubicard.de\/osnabrueck\/wp-json\/wp\/v2\/posts"}],"about":[{"href":"https:\/\/www.azubicard.de\/osnabrueck\/wp-json\/wp\/v2\/types\/post"}],"author":[{"embeddable":true,"href":"https:\/\/www.azubicard.de\/osnabrueck\/wp-json\/wp\/v2\/users\/2"}],"replies":[{"embeddable":true,"href":"https:\/\/www.azubicard.de\/osnabrueck\/wp-json\/wp\/v2\/comments?post=14092"}],"version-history":[{"count":3,"href":"https:\/\/www.azubicard.de\/osnabrueck\/wp-json\/wp\/v2\/posts\/14092\/revisions"}],"predecessor-version":[{"id":15491,"href":"https:\/\/www.azubicard.de\/osnabrueck\/wp-json\/wp\/v2\/posts\/14092\/revisions\/15491"}],"wp:featuredmedia":[{"embeddable":true,"href":"https:\/\/www.azubicard.de\/osnabrueck\/wp-json\/wp\/v2\/media\/15489"}],"wp:attachment":[{"href":"https:\/\/www.azubicard.de\/osnabrueck\/wp-json\/wp\/v2\/media?parent=14092"}],"wp:term":[{"taxonomy":"category","embeddable":true,"href":"https:\/\/www.azubicard.de\/osnabrueck\/wp-json\/wp\/v2\/categories?post=14092"},{"taxonomy":"post_tag","embeddable":true,"href":"https:\/\/www.azubicard.de\/osnabrueck\/wp-json\/wp\/v2\/tags?post=14092"}],"curies":[{"name":"wp","href":"https:\/\/api.w.org\/{rel}","templated":true}]}}