{"id":5798,"date":"2019-09-10T13:58:48","date_gmt":"2019-09-10T11:58:48","guid":{"rendered":"http:\/\/wp13677437.server-he.de\/osnabrueck\/2019\/09\/10\/regensburg-tourismus-tourist-information\/"},"modified":"2020-06-08T14:02:14","modified_gmt":"2020-06-08T12:02:14","slug":"regensburg-tourismus-tourist-information","status":"publish","type":"post","link":"https:\/\/www.azubicard.de\/osnabrueck\/2019\/09\/10\/regensburg-tourismus-tourist-information\/","title":{"rendered":"Regensburg Tourismus \u2013 Tourist Information"},"content":{"rendered":"<p><strong>KOSTENFREIE Teilnahme an der \u00f6ffentlichen Stadtf\u00fchrung<\/strong><\/p>\n<p>Egal, wie lange ein Aufenthalt in Regensburg dauert \u2013 ein paar Stunden, ein paar Tage oder ein ganzes Leben \u2013 egal ob Tourist oder Einheimischer: Eine F\u00fchrung durch die Altstadt muss man einfach gemacht haben, zur Orientierung, zum Kennen- und zum Liebenlernen, zum Genie\u00dfen. Schlendert in Begleitung sachkundiger G\u00e4stef\u00fchrer durch die engen Gassen und \u00fcber die weiten Pl\u00e4tze, lernt Geschichte und Geschichten einer zweitausend Jahre alten Stadt kennen, schnuppert das Flair der &#8222;n\u00f6rdlichsten Stadt Italiens&#8220;.<br \/>\nDer Rundgang f\u00fchrt zum Dom und zur Steinernen Br\u00fccke, zur Porta Praetoria und zum Alten Rathaus, zu Patrizierh\u00e4usern und Geschlechtert\u00fcrmen und vielem anderem mehr\u2026<\/p>\n<p>\u2013&gt; Jeweils nur Au\u00dfenbesichtigungen.<br \/>\n\u2013&gt; Treffpunkt vor der Tourist Information am Rathausplatz.<br \/>\n\u2013&gt; Um Voranmeldung wird gebeten (Tel. 0941 \u2013 507 4410).<br \/>\n\u2013&gt; F\u00fchrungstermine: April bis Oktober \u2013 t\u00e4glich 10.30 Uhr und 14.30 Uhr \/\/<br \/>\nNovember bis M\u00e4rz \u2013 t\u00e4glich 10.30 Uhr, SA\/SO\/Feiertag zus\u00e4tzlich 14.30 Uhr.<\/p>\n","protected":false},"excerpt":{"rendered":"<p>KOSTENFREIE Teilnahme an der \u00f6ffentlichen Stadtf\u00fchrung Egal, wie lange ein Aufenthalt in Regensburg dauert \u2013 ein paar Stunden, ein paar Tage oder ein ganzes Leben \u2013 egal ob Tourist oder Einheimischer: Eine F\u00fchrung durch die Altstadt muss man einfach gemacht haben, zur Orientierung, zum Kennen-&#8230;<\/p>\n","protected":false},"author":2,"featured_media":1202,"comment_status":"open","ping_status":"open","sticky":false,"template":"","format":"standard","meta":{"_acf_changed":false,"footnotes":""},"categories":[99,100,101],"tags":[36],"class_list":["post-5798","post","type-post","status-publish","format-standard","has-post-thumbnail","hentry","category-angebote-regensburg","category-regensburg","category-top-angebote-regensburg","tag-kultur"],"acf":[],"yoast_head":"<!-- This site is optimized with the Yoast SEO plugin v25.5 - https:\/\/yoast.com\/wordpress\/plugins\/seo\/ -->\n<title>Regensburg Tourismus \u2013 Tourist Information - AzubiCard Osnabr\u00fcck<\/title>\n<meta name=\"robots\" content=\"index, follow, max-snippet:-1, max-image-preview:large, max-video-preview:-1\" \/>\n<link rel=\"canonical\" href=\"https:\/\/www.azubicard.de\/osnabrueck\/2019\/09\/10\/regensburg-tourismus-tourist-information\/\" \/>\n<meta property=\"og:locale\" content=\"de_DE\" \/>\n<meta property=\"og:type\" content=\"article\" \/>\n<meta property=\"og:title\" content=\"Regensburg Tourismus \u2013 Tourist Information - AzubiCard Osnabr\u00fcck\" \/>\n<meta property=\"og:description\" content=\"KOSTENFREIE Teilnahme an der \u00f6ffentlichen Stadtf\u00fchrung Egal, wie lange ein Aufenthalt in Regensburg dauert \u2013 ein paar Stunden, ein paar Tage oder ein ganzes Leben \u2013 egal ob Tourist oder Einheimischer: Eine F\u00fchrung durch die Altstadt muss man einfach gemacht haben, zur Orientierung, zum Kennen-...\" \/>\n<meta property=\"og:url\" content=\"https:\/\/www.azubicard.de\/osnabrueck\/2019\/09\/10\/regensburg-tourismus-tourist-information\/\" \/>\n<meta property=\"og:site_name\" content=\"AzubiCard Osnabr\u00fcck\" \/>\n<meta property=\"article:published_time\" content=\"2019-09-10T11:58:48+00:00\" \/>\n<meta property=\"article:modified_time\" content=\"2020-06-08T12:02:14+00:00\" \/>\n<meta property=\"og:image\" content=\"https:\/\/www.azubicard.de\/osnabrueck\/wp-content\/uploads\/sites\/42\/2019\/09\/kulttouren_014_7198.jpg\" \/>\n\t<meta property=\"og:image:width\" content=\"2000\" \/>\n\t<meta property=\"og:image:height\" content=\"1333\" \/>\n\t<meta property=\"og:image:type\" content=\"image\/jpeg\" \/>\n<meta name=\"author\" content=\"newmedialabs\" \/>\n<meta name=\"twitter:card\" content=\"summary_large_image\" \/>\n<meta name=\"twitter:label1\" content=\"Verfasst von\" \/>\n\t<meta name=\"twitter:data1\" content=\"newmedialabs\" \/>\n\t<meta name=\"twitter:label2\" content=\"Gesch\u00e4tzte Lesezeit\" \/>\n\t<meta name=\"twitter:data2\" content=\"1\u00a0Minute\" \/>\n<script type=\"application\/ld+json\" class=\"yoast-schema-graph\">{\"@context\":\"https:\/\/schema.org\",\"@graph\":[{\"@type\":\"WebPage\",\"@id\":\"https:\/\/www.azubicard.de\/osnabrueck\/2019\/09\/10\/regensburg-tourismus-tourist-information\/\",\"url\":\"https:\/\/www.azubicard.de\/osnabrueck\/2019\/09\/10\/regensburg-tourismus-tourist-information\/\",\"name\":\"Regensburg Tourismus \u2013 Tourist Information - AzubiCard Osnabr\u00fcck\",\"isPartOf\":{\"@id\":\"https:\/\/www.azubicard.de\/osnabrueck\/#website\"},\"primaryImageOfPage\":{\"@id\":\"https:\/\/www.azubicard.de\/osnabrueck\/2019\/09\/10\/regensburg-tourismus-tourist-information\/#primaryimage\"},\"image\":{\"@id\":\"https:\/\/www.azubicard.de\/osnabrueck\/2019\/09\/10\/regensburg-tourismus-tourist-information\/#primaryimage\"},\"thumbnailUrl\":\"https:\/\/www.azubicard.de\/osnabrueck\/wp-content\/uploads\/sites\/42\/2019\/09\/kulttouren_014_7198.jpg\",\"datePublished\":\"2019-09-10T11:58:48+00:00\",\"dateModified\":\"2020-06-08T12:02:14+00:00\",\"author\":{\"@id\":\"https:\/\/www.azubicard.de\/osnabrueck\/#\/schema\/person\/04ed6c5ee3f85d438f77d70b59ad8240\"},\"breadcrumb\":{\"@id\":\"https:\/\/www.azubicard.de\/osnabrueck\/2019\/09\/10\/regensburg-tourismus-tourist-information\/#breadcrumb\"},\"inLanguage\":\"de\",\"potentialAction\":[{\"@type\":\"ReadAction\",\"target\":[\"https:\/\/www.azubicard.de\/osnabrueck\/2019\/09\/10\/regensburg-tourismus-tourist-information\/\"]}]},{\"@type\":\"ImageObject\",\"inLanguage\":\"de\",\"@id\":\"https:\/\/www.azubicard.de\/osnabrueck\/2019\/09\/10\/regensburg-tourismus-tourist-information\/#primaryimage\",\"url\":\"https:\/\/www.azubicard.de\/osnabrueck\/wp-content\/uploads\/sites\/42\/2019\/09\/kulttouren_014_7198.jpg\",\"contentUrl\":\"https:\/\/www.azubicard.de\/osnabrueck\/wp-content\/uploads\/sites\/42\/2019\/09\/kulttouren_014_7198.jpg\",\"width\":2000,\"height\":1333,\"caption\":\"G\u00e4stef\u00fchrer kulttouren e.V. Foto: Michael Vogl\"},{\"@type\":\"BreadcrumbList\",\"@id\":\"https:\/\/www.azubicard.de\/osnabrueck\/2019\/09\/10\/regensburg-tourismus-tourist-information\/#breadcrumb\",\"itemListElement\":[{\"@type\":\"ListItem\",\"position\":1,\"name\":\"Startseite\",\"item\":\"https:\/\/www.azubicard.de\/osnabrueck\/\"},{\"@type\":\"ListItem\",\"position\":2,\"name\":\"Regensburg Tourismus \u2013 Tourist Information\"}]},{\"@type\":\"WebSite\",\"@id\":\"https:\/\/www.azubicard.de\/osnabrueck\/#website\",\"url\":\"https:\/\/www.azubicard.de\/osnabrueck\/\",\"name\":\"AzubiCard Osnabr\u00fcck\",\"description\":\"Eine weitere AzubiCard Website\",\"potentialAction\":[{\"@type\":\"SearchAction\",\"target\":{\"@type\":\"EntryPoint\",\"urlTemplate\":\"https:\/\/www.azubicard.de\/osnabrueck\/?s={search_term_string}\"},\"query-input\":{\"@type\":\"PropertyValueSpecification\",\"valueRequired\":true,\"valueName\":\"search_term_string\"}}],\"inLanguage\":\"de\"},{\"@type\":\"Person\",\"@id\":\"https:\/\/www.azubicard.de\/osnabrueck\/#\/schema\/person\/04ed6c5ee3f85d438f77d70b59ad8240\",\"name\":\"newmedialabs\",\"image\":{\"@type\":\"ImageObject\",\"inLanguage\":\"de\",\"@id\":\"https:\/\/www.azubicard.de\/osnabrueck\/#\/schema\/person\/image\/\",\"url\":\"https:\/\/secure.gravatar.com\/avatar\/61edca5e904cf4237abd51dfd5ed3f61aa79989c3dd21586506a37bdd4ba58ba?s=96&d=mm&r=g\",\"contentUrl\":\"https:\/\/secure.gravatar.com\/avatar\/61edca5e904cf4237abd51dfd5ed3f61aa79989c3dd21586506a37bdd4ba58ba?s=96&d=mm&r=g\",\"caption\":\"newmedialabs\"},\"url\":\"https:\/\/www.azubicard.de\/osnabrueck\/author\/newmedialabs\/\"}]}<\/script>\n<!-- \/ Yoast SEO plugin. -->","yoast_head_json":{"title":"Regensburg Tourismus \u2013 Tourist Information - AzubiCard Osnabr\u00fcck","robots":{"index":"index","follow":"follow","max-snippet":"max-snippet:-1","max-image-preview":"max-image-preview:large","max-video-preview":"max-video-preview:-1"},"canonical":"https:\/\/www.azubicard.de\/osnabrueck\/2019\/09\/10\/regensburg-tourismus-tourist-information\/","og_locale":"de_DE","og_type":"article","og_title":"Regensburg Tourismus \u2013 Tourist Information - AzubiCard Osnabr\u00fcck","og_description":"KOSTENFREIE Teilnahme an der \u00f6ffentlichen Stadtf\u00fchrung Egal, wie lange ein Aufenthalt in Regensburg dauert \u2013 ein paar Stunden, ein paar Tage oder ein ganzes Leben \u2013 egal ob Tourist oder Einheimischer: Eine F\u00fchrung durch die Altstadt muss man einfach gemacht haben, zur Orientierung, zum Kennen-...","og_url":"https:\/\/www.azubicard.de\/osnabrueck\/2019\/09\/10\/regensburg-tourismus-tourist-information\/","og_site_name":"AzubiCard Osnabr\u00fcck","article_published_time":"2019-09-10T11:58:48+00:00","article_modified_time":"2020-06-08T12:02:14+00:00","og_image":[{"width":2000,"height":1333,"url":"https:\/\/www.azubicard.de\/osnabrueck\/wp-content\/uploads\/sites\/42\/2019\/09\/kulttouren_014_7198.jpg","type":"image\/jpeg"}],"author":"newmedialabs","twitter_card":"summary_large_image","twitter_misc":{"Verfasst von":"newmedialabs","Gesch\u00e4tzte Lesezeit":"1\u00a0Minute"},"schema":{"@context":"https:\/\/schema.org","@graph":[{"@type":"WebPage","@id":"https:\/\/www.azubicard.de\/osnabrueck\/2019\/09\/10\/regensburg-tourismus-tourist-information\/","url":"https:\/\/www.azubicard.de\/osnabrueck\/2019\/09\/10\/regensburg-tourismus-tourist-information\/","name":"Regensburg Tourismus \u2013 Tourist Information - AzubiCard Osnabr\u00fcck","isPartOf":{"@id":"https:\/\/www.azubicard.de\/osnabrueck\/#website"},"primaryImageOfPage":{"@id":"https:\/\/www.azubicard.de\/osnabrueck\/2019\/09\/10\/regensburg-tourismus-tourist-information\/#primaryimage"},"image":{"@id":"https:\/\/www.azubicard.de\/osnabrueck\/2019\/09\/10\/regensburg-tourismus-tourist-information\/#primaryimage"},"thumbnailUrl":"https:\/\/www.azubicard.de\/osnabrueck\/wp-content\/uploads\/sites\/42\/2019\/09\/kulttouren_014_7198.jpg","datePublished":"2019-09-10T11:58:48+00:00","dateModified":"2020-06-08T12:02:14+00:00","author":{"@id":"https:\/\/www.azubicard.de\/osnabrueck\/#\/schema\/person\/04ed6c5ee3f85d438f77d70b59ad8240"},"breadcrumb":{"@id":"https:\/\/www.azubicard.de\/osnabrueck\/2019\/09\/10\/regensburg-tourismus-tourist-information\/#breadcrumb"},"inLanguage":"de","potentialAction":[{"@type":"ReadAction","target":["https:\/\/www.azubicard.de\/osnabrueck\/2019\/09\/10\/regensburg-tourismus-tourist-information\/"]}]},{"@type":"ImageObject","inLanguage":"de","@id":"https:\/\/www.azubicard.de\/osnabrueck\/2019\/09\/10\/regensburg-tourismus-tourist-information\/#primaryimage","url":"https:\/\/www.azubicard.de\/osnabrueck\/wp-content\/uploads\/sites\/42\/2019\/09\/kulttouren_014_7198.jpg","contentUrl":"https:\/\/www.azubicard.de\/osnabrueck\/wp-content\/uploads\/sites\/42\/2019\/09\/kulttouren_014_7198.jpg","width":2000,"height":1333,"caption":"G\u00e4stef\u00fchrer kulttouren e.V. Foto: Michael Vogl"},{"@type":"BreadcrumbList","@id":"https:\/\/www.azubicard.de\/osnabrueck\/2019\/09\/10\/regensburg-tourismus-tourist-information\/#breadcrumb","itemListElement":[{"@type":"ListItem","position":1,"name":"Startseite","item":"https:\/\/www.azubicard.de\/osnabrueck\/"},{"@type":"ListItem","position":2,"name":"Regensburg Tourismus \u2013 Tourist Information"}]},{"@type":"WebSite","@id":"https:\/\/www.azubicard.de\/osnabrueck\/#website","url":"https:\/\/www.azubicard.de\/osnabrueck\/","name":"AzubiCard Osnabr\u00fcck","description":"Eine weitere AzubiCard Website","potentialAction":[{"@type":"SearchAction","target":{"@type":"EntryPoint","urlTemplate":"https:\/\/www.azubicard.de\/osnabrueck\/?s={search_term_string}"},"query-input":{"@type":"PropertyValueSpecification","valueRequired":true,"valueName":"search_term_string"}}],"inLanguage":"de"},{"@type":"Person","@id":"https:\/\/www.azubicard.de\/osnabrueck\/#\/schema\/person\/04ed6c5ee3f85d438f77d70b59ad8240","name":"newmedialabs","image":{"@type":"ImageObject","inLanguage":"de","@id":"https:\/\/www.azubicard.de\/osnabrueck\/#\/schema\/person\/image\/","url":"https:\/\/secure.gravatar.com\/avatar\/61edca5e904cf4237abd51dfd5ed3f61aa79989c3dd21586506a37bdd4ba58ba?s=96&d=mm&r=g","contentUrl":"https:\/\/secure.gravatar.com\/avatar\/61edca5e904cf4237abd51dfd5ed3f61aa79989c3dd21586506a37bdd4ba58ba?s=96&d=mm&r=g","caption":"newmedialabs"},"url":"https:\/\/www.azubicard.de\/osnabrueck\/author\/newmedialabs\/"}]}},"publishpress_future_action":{"enabled":false,"date":"2026-05-07 10:42:10","action":"change-status","newStatus":"draft","terms":[],"taxonomy":"category","extraData":[]},"publishpress_future_workflow_manual_trigger":{"enabledWorkflows":[]},"_links":{"self":[{"href":"https:\/\/www.azubicard.de\/osnabrueck\/wp-json\/wp\/v2\/posts\/5798","targetHints":{"allow":["GET"]}}],"collection":[{"href":"https:\/\/www.azubicard.de\/osnabrueck\/wp-json\/wp\/v2\/posts"}],"about":[{"href":"https:\/\/www.azubicard.de\/osnabrueck\/wp-json\/wp\/v2\/types\/post"}],"author":[{"embeddable":true,"href":"https:\/\/www.azubicard.de\/osnabrueck\/wp-json\/wp\/v2\/users\/2"}],"replies":[{"embeddable":true,"href":"https:\/\/www.azubicard.de\/osnabrueck\/wp-json\/wp\/v2\/comments?post=5798"}],"version-history":[{"count":1,"href":"https:\/\/www.azubicard.de\/osnabrueck\/wp-json\/wp\/v2\/posts\/5798\/revisions"}],"predecessor-version":[{"id":7866,"href":"https:\/\/www.azubicard.de\/osnabrueck\/wp-json\/wp\/v2\/posts\/5798\/revisions\/7866"}],"wp:featuredmedia":[{"embeddable":true,"href":"https:\/\/www.azubicard.de\/osnabrueck\/wp-json\/wp\/v2\/media\/1202"}],"wp:attachment":[{"href":"https:\/\/www.azubicard.de\/osnabrueck\/wp-json\/wp\/v2\/media?parent=5798"}],"wp:term":[{"taxonomy":"category","embeddable":true,"href":"https:\/\/www.azubicard.de\/osnabrueck\/wp-json\/wp\/v2\/categories?post=5798"},{"taxonomy":"post_tag","embeddable":true,"href":"https:\/\/www.azubicard.de\/osnabrueck\/wp-json\/wp\/v2\/tags?post=5798"}],"curies":[{"name":"wp","href":"https:\/\/api.w.org\/{rel}","templated":true}]}}