{"id":6026,"date":"2019-09-24T09:02:56","date_gmt":"2019-09-24T07:02:56","guid":{"rendered":"http:\/\/wp13677437.server-he.de\/osnabrueck\/2019\/09\/24\/flugwerft-schleissheim\/"},"modified":"2021-06-14T12:00:56","modified_gmt":"2021-06-14T10:00:56","slug":"flugwerft-schleissheim","status":"publish","type":"post","link":"https:\/\/www.azubicard.de\/osnabrueck\/2019\/09\/24\/flugwerft-schleissheim\/","title":{"rendered":"Flugwerft Schlei\u00dfheim"},"content":{"rendered":"<p><strong>Vom fr\u00fchen Gleitflugapparat bis zum Eurofighter \u2013 Erm\u00e4\u00dfigter Eintritt f\u00fcr Auszubildende!<\/strong><br \/>\nAuszubildende erhalten gegen Vorlage einer g\u00fcltigen AzubiCard erm\u00e4\u00dfigten Eintritt f\u00fcr das Deutsche Museum Flugwerft Schlei\u00dfheim.<br \/>\nIn der Flugwerft Schlei\u00dfheim dokumentieren etwa 70 Flugobjekte ein Jahrhundert ziviler und milit\u00e4rischer Luftfahrtgeschichte. In der gl\u00e4sernen Restaurierungswerkstatt k\u00f6nnt Ihr mitverfolgen, wie Flugzeuge wieder instand gesetzt werden.<br \/>\nVerg\u00fcnstigter Eintrittspreise f\u00fcr Azubis:<br \/>\nDeutsches Museum Flugwerft Schlei\u00dfheim 3 Euro<\/p>\n<p><a href=\"http:\/\/www.deutsches-museum.de\/flugwerft\">www.deutsches-museum.de\/flugwerft<\/a><\/p>\n<p>Wo:<br \/>\nDeutsches Museum<br \/>\nFlugwerft Schlei\u00dfheim<br \/>\nFerdinand-Schulz-Allee<br \/>\n85764 Oberschlei\u00dfheim<\/p>\n","protected":false},"excerpt":{"rendered":"<p><strong>Vom fr\u00fchen Gleitflugapparat bis zum Eurofighter \u2013 Erm\u00e4\u00dfigter Eintritt f\u00fcr Auszubildende!<\/strong><br \/>\nAuszubildende erhalten gegen Vorlage einer g\u00fcltigen AzubiCard erm\u00e4\u00dfigten Eintritt f\u00fcr das Deutsche Museum Flugwerft Schlei\u00dfheim.<br \/>\nIn der Flugwerft Schlei\u00dfheim dokumentieren etwa 70 Flugobjekte ein Jahrhundert ziviler und milit\u00e4rischer Luftfahrtgeschichte. In der gl\u00e4sernen Restaurierungswerkstatt k\u00f6nnt Ihr mitverfolgen, wie Flugzeuge wieder instand gesetzt werden.<\/p>\n","protected":false},"author":2,"featured_media":2214,"comment_status":"open","ping_status":"open","sticky":false,"template":"","format":"standard","meta":{"_acf_changed":false,"footnotes":""},"categories":[84,85,86],"tags":[36],"class_list":["post-6026","post","type-post","status-publish","format-standard","has-post-thumbnail","hentry","category-angebote-oberbayern","category-oberbayern","category-top-angebote-oberbayern","tag-kultur"],"acf":[],"yoast_head":"<!-- This site is optimized with the Yoast SEO plugin v25.5 - https:\/\/yoast.com\/wordpress\/plugins\/seo\/ -->\n<title>Flugwerft Schlei\u00dfheim - AzubiCard Osnabr\u00fcck<\/title>\n<meta name=\"robots\" content=\"index, follow, max-snippet:-1, max-image-preview:large, max-video-preview:-1\" \/>\n<link rel=\"canonical\" href=\"https:\/\/www.azubicard.de\/osnabrueck\/2019\/09\/24\/flugwerft-schleissheim\/\" \/>\n<meta property=\"og:locale\" content=\"de_DE\" \/>\n<meta property=\"og:type\" content=\"article\" \/>\n<meta property=\"og:title\" content=\"Flugwerft Schlei\u00dfheim - AzubiCard Osnabr\u00fcck\" \/>\n<meta property=\"og:description\" content=\"Vom fr\u00fchen Gleitflugapparat bis zum Eurofighter \u2013 Erm\u00e4\u00dfigter Eintritt f\u00fcr Auszubildende! Auszubildende erhalten gegen Vorlage einer g\u00fcltigen AzubiCard erm\u00e4\u00dfigten Eintritt f\u00fcr das Deutsche Museum Flugwerft Schlei\u00dfheim. In der Flugwerft Schlei\u00dfheim dokumentieren etwa 70 Flugobjekte ein Jahrhundert ziviler und milit\u00e4rischer Luftfahrtgeschichte. In der gl\u00e4sernen Restaurierungswerkstatt k\u00f6nnt Ihr mitverfolgen, wie Flugzeuge wieder instand gesetzt werden.\" \/>\n<meta property=\"og:url\" content=\"https:\/\/www.azubicard.de\/osnabrueck\/2019\/09\/24\/flugwerft-schleissheim\/\" \/>\n<meta property=\"og:site_name\" content=\"AzubiCard Osnabr\u00fcck\" \/>\n<meta property=\"article:published_time\" content=\"2019-09-24T07:02:56+00:00\" \/>\n<meta property=\"article:modified_time\" content=\"2021-06-14T10:00:56+00:00\" \/>\n<meta property=\"og:image\" content=\"https:\/\/www.azubicard.de\/osnabrueck\/wp-content\/uploads\/sites\/42\/2019\/09\/Flugwerft_Bild.jpg\" \/>\n\t<meta property=\"og:image:width\" content=\"2000\" \/>\n\t<meta property=\"og:image:height\" content=\"1335\" \/>\n\t<meta property=\"og:image:type\" content=\"image\/jpeg\" \/>\n<meta name=\"author\" content=\"newmedialabs\" \/>\n<meta name=\"twitter:card\" content=\"summary_large_image\" \/>\n<meta name=\"twitter:label1\" content=\"Verfasst von\" \/>\n\t<meta name=\"twitter:data1\" content=\"newmedialabs\" \/>\n<script type=\"application\/ld+json\" class=\"yoast-schema-graph\">{\"@context\":\"https:\/\/schema.org\",\"@graph\":[{\"@type\":\"WebPage\",\"@id\":\"https:\/\/www.azubicard.de\/osnabrueck\/2019\/09\/24\/flugwerft-schleissheim\/\",\"url\":\"https:\/\/www.azubicard.de\/osnabrueck\/2019\/09\/24\/flugwerft-schleissheim\/\",\"name\":\"Flugwerft Schlei\u00dfheim - AzubiCard Osnabr\u00fcck\",\"isPartOf\":{\"@id\":\"https:\/\/www.azubicard.de\/osnabrueck\/#website\"},\"primaryImageOfPage\":{\"@id\":\"https:\/\/www.azubicard.de\/osnabrueck\/2019\/09\/24\/flugwerft-schleissheim\/#primaryimage\"},\"image\":{\"@id\":\"https:\/\/www.azubicard.de\/osnabrueck\/2019\/09\/24\/flugwerft-schleissheim\/#primaryimage\"},\"thumbnailUrl\":\"https:\/\/www.azubicard.de\/osnabrueck\/wp-content\/uploads\/sites\/42\/2019\/09\/Flugwerft_Bild.jpg\",\"datePublished\":\"2019-09-24T07:02:56+00:00\",\"dateModified\":\"2021-06-14T10:00:56+00:00\",\"author\":{\"@id\":\"https:\/\/www.azubicard.de\/osnabrueck\/#\/schema\/person\/04ed6c5ee3f85d438f77d70b59ad8240\"},\"breadcrumb\":{\"@id\":\"https:\/\/www.azubicard.de\/osnabrueck\/2019\/09\/24\/flugwerft-schleissheim\/#breadcrumb\"},\"inLanguage\":\"de\",\"potentialAction\":[{\"@type\":\"ReadAction\",\"target\":[\"https:\/\/www.azubicard.de\/osnabrueck\/2019\/09\/24\/flugwerft-schleissheim\/\"]}]},{\"@type\":\"ImageObject\",\"inLanguage\":\"de\",\"@id\":\"https:\/\/www.azubicard.de\/osnabrueck\/2019\/09\/24\/flugwerft-schleissheim\/#primaryimage\",\"url\":\"https:\/\/www.azubicard.de\/osnabrueck\/wp-content\/uploads\/sites\/42\/2019\/09\/Flugwerft_Bild.jpg\",\"contentUrl\":\"https:\/\/www.azubicard.de\/osnabrueck\/wp-content\/uploads\/sites\/42\/2019\/09\/Flugwerft_Bild.jpg\",\"width\":2000,\"height\":1335},{\"@type\":\"BreadcrumbList\",\"@id\":\"https:\/\/www.azubicard.de\/osnabrueck\/2019\/09\/24\/flugwerft-schleissheim\/#breadcrumb\",\"itemListElement\":[{\"@type\":\"ListItem\",\"position\":1,\"name\":\"Startseite\",\"item\":\"https:\/\/www.azubicard.de\/osnabrueck\/\"},{\"@type\":\"ListItem\",\"position\":2,\"name\":\"Flugwerft Schlei\u00dfheim\"}]},{\"@type\":\"WebSite\",\"@id\":\"https:\/\/www.azubicard.de\/osnabrueck\/#website\",\"url\":\"https:\/\/www.azubicard.de\/osnabrueck\/\",\"name\":\"AzubiCard Osnabr\u00fcck\",\"description\":\"Eine weitere AzubiCard Website\",\"potentialAction\":[{\"@type\":\"SearchAction\",\"target\":{\"@type\":\"EntryPoint\",\"urlTemplate\":\"https:\/\/www.azubicard.de\/osnabrueck\/?s={search_term_string}\"},\"query-input\":{\"@type\":\"PropertyValueSpecification\",\"valueRequired\":true,\"valueName\":\"search_term_string\"}}],\"inLanguage\":\"de\"},{\"@type\":\"Person\",\"@id\":\"https:\/\/www.azubicard.de\/osnabrueck\/#\/schema\/person\/04ed6c5ee3f85d438f77d70b59ad8240\",\"name\":\"newmedialabs\",\"image\":{\"@type\":\"ImageObject\",\"inLanguage\":\"de\",\"@id\":\"https:\/\/www.azubicard.de\/osnabrueck\/#\/schema\/person\/image\/\",\"url\":\"https:\/\/secure.gravatar.com\/avatar\/61edca5e904cf4237abd51dfd5ed3f61aa79989c3dd21586506a37bdd4ba58ba?s=96&d=mm&r=g\",\"contentUrl\":\"https:\/\/secure.gravatar.com\/avatar\/61edca5e904cf4237abd51dfd5ed3f61aa79989c3dd21586506a37bdd4ba58ba?s=96&d=mm&r=g\",\"caption\":\"newmedialabs\"},\"url\":\"https:\/\/www.azubicard.de\/osnabrueck\/author\/newmedialabs\/\"}]}<\/script>\n<!-- \/ Yoast SEO plugin. -->","yoast_head_json":{"title":"Flugwerft Schlei\u00dfheim - AzubiCard Osnabr\u00fcck","robots":{"index":"index","follow":"follow","max-snippet":"max-snippet:-1","max-image-preview":"max-image-preview:large","max-video-preview":"max-video-preview:-1"},"canonical":"https:\/\/www.azubicard.de\/osnabrueck\/2019\/09\/24\/flugwerft-schleissheim\/","og_locale":"de_DE","og_type":"article","og_title":"Flugwerft Schlei\u00dfheim - AzubiCard Osnabr\u00fcck","og_description":"Vom fr\u00fchen Gleitflugapparat bis zum Eurofighter \u2013 Erm\u00e4\u00dfigter Eintritt f\u00fcr Auszubildende! Auszubildende erhalten gegen Vorlage einer g\u00fcltigen AzubiCard erm\u00e4\u00dfigten Eintritt f\u00fcr das Deutsche Museum Flugwerft Schlei\u00dfheim. In der Flugwerft Schlei\u00dfheim dokumentieren etwa 70 Flugobjekte ein Jahrhundert ziviler und milit\u00e4rischer Luftfahrtgeschichte. In der gl\u00e4sernen Restaurierungswerkstatt k\u00f6nnt Ihr mitverfolgen, wie Flugzeuge wieder instand gesetzt werden.","og_url":"https:\/\/www.azubicard.de\/osnabrueck\/2019\/09\/24\/flugwerft-schleissheim\/","og_site_name":"AzubiCard Osnabr\u00fcck","article_published_time":"2019-09-24T07:02:56+00:00","article_modified_time":"2021-06-14T10:00:56+00:00","og_image":[{"width":2000,"height":1335,"url":"https:\/\/www.azubicard.de\/osnabrueck\/wp-content\/uploads\/sites\/42\/2019\/09\/Flugwerft_Bild.jpg","type":"image\/jpeg"}],"author":"newmedialabs","twitter_card":"summary_large_image","twitter_misc":{"Verfasst von":"newmedialabs"},"schema":{"@context":"https:\/\/schema.org","@graph":[{"@type":"WebPage","@id":"https:\/\/www.azubicard.de\/osnabrueck\/2019\/09\/24\/flugwerft-schleissheim\/","url":"https:\/\/www.azubicard.de\/osnabrueck\/2019\/09\/24\/flugwerft-schleissheim\/","name":"Flugwerft Schlei\u00dfheim - AzubiCard Osnabr\u00fcck","isPartOf":{"@id":"https:\/\/www.azubicard.de\/osnabrueck\/#website"},"primaryImageOfPage":{"@id":"https:\/\/www.azubicard.de\/osnabrueck\/2019\/09\/24\/flugwerft-schleissheim\/#primaryimage"},"image":{"@id":"https:\/\/www.azubicard.de\/osnabrueck\/2019\/09\/24\/flugwerft-schleissheim\/#primaryimage"},"thumbnailUrl":"https:\/\/www.azubicard.de\/osnabrueck\/wp-content\/uploads\/sites\/42\/2019\/09\/Flugwerft_Bild.jpg","datePublished":"2019-09-24T07:02:56+00:00","dateModified":"2021-06-14T10:00:56+00:00","author":{"@id":"https:\/\/www.azubicard.de\/osnabrueck\/#\/schema\/person\/04ed6c5ee3f85d438f77d70b59ad8240"},"breadcrumb":{"@id":"https:\/\/www.azubicard.de\/osnabrueck\/2019\/09\/24\/flugwerft-schleissheim\/#breadcrumb"},"inLanguage":"de","potentialAction":[{"@type":"ReadAction","target":["https:\/\/www.azubicard.de\/osnabrueck\/2019\/09\/24\/flugwerft-schleissheim\/"]}]},{"@type":"ImageObject","inLanguage":"de","@id":"https:\/\/www.azubicard.de\/osnabrueck\/2019\/09\/24\/flugwerft-schleissheim\/#primaryimage","url":"https:\/\/www.azubicard.de\/osnabrueck\/wp-content\/uploads\/sites\/42\/2019\/09\/Flugwerft_Bild.jpg","contentUrl":"https:\/\/www.azubicard.de\/osnabrueck\/wp-content\/uploads\/sites\/42\/2019\/09\/Flugwerft_Bild.jpg","width":2000,"height":1335},{"@type":"BreadcrumbList","@id":"https:\/\/www.azubicard.de\/osnabrueck\/2019\/09\/24\/flugwerft-schleissheim\/#breadcrumb","itemListElement":[{"@type":"ListItem","position":1,"name":"Startseite","item":"https:\/\/www.azubicard.de\/osnabrueck\/"},{"@type":"ListItem","position":2,"name":"Flugwerft Schlei\u00dfheim"}]},{"@type":"WebSite","@id":"https:\/\/www.azubicard.de\/osnabrueck\/#website","url":"https:\/\/www.azubicard.de\/osnabrueck\/","name":"AzubiCard Osnabr\u00fcck","description":"Eine weitere AzubiCard Website","potentialAction":[{"@type":"SearchAction","target":{"@type":"EntryPoint","urlTemplate":"https:\/\/www.azubicard.de\/osnabrueck\/?s={search_term_string}"},"query-input":{"@type":"PropertyValueSpecification","valueRequired":true,"valueName":"search_term_string"}}],"inLanguage":"de"},{"@type":"Person","@id":"https:\/\/www.azubicard.de\/osnabrueck\/#\/schema\/person\/04ed6c5ee3f85d438f77d70b59ad8240","name":"newmedialabs","image":{"@type":"ImageObject","inLanguage":"de","@id":"https:\/\/www.azubicard.de\/osnabrueck\/#\/schema\/person\/image\/","url":"https:\/\/secure.gravatar.com\/avatar\/61edca5e904cf4237abd51dfd5ed3f61aa79989c3dd21586506a37bdd4ba58ba?s=96&d=mm&r=g","contentUrl":"https:\/\/secure.gravatar.com\/avatar\/61edca5e904cf4237abd51dfd5ed3f61aa79989c3dd21586506a37bdd4ba58ba?s=96&d=mm&r=g","caption":"newmedialabs"},"url":"https:\/\/www.azubicard.de\/osnabrueck\/author\/newmedialabs\/"}]}},"publishpress_future_action":{"enabled":false,"date":"2026-05-08 21:16:35","action":"change-status","newStatus":"draft","terms":[],"taxonomy":"category","extraData":[]},"publishpress_future_workflow_manual_trigger":{"enabledWorkflows":[]},"_links":{"self":[{"href":"https:\/\/www.azubicard.de\/osnabrueck\/wp-json\/wp\/v2\/posts\/6026","targetHints":{"allow":["GET"]}}],"collection":[{"href":"https:\/\/www.azubicard.de\/osnabrueck\/wp-json\/wp\/v2\/posts"}],"about":[{"href":"https:\/\/www.azubicard.de\/osnabrueck\/wp-json\/wp\/v2\/types\/post"}],"author":[{"embeddable":true,"href":"https:\/\/www.azubicard.de\/osnabrueck\/wp-json\/wp\/v2\/users\/2"}],"replies":[{"embeddable":true,"href":"https:\/\/www.azubicard.de\/osnabrueck\/wp-json\/wp\/v2\/comments?post=6026"}],"version-history":[{"count":1,"href":"https:\/\/www.azubicard.de\/osnabrueck\/wp-json\/wp\/v2\/posts\/6026\/revisions"}],"predecessor-version":[{"id":8090,"href":"https:\/\/www.azubicard.de\/osnabrueck\/wp-json\/wp\/v2\/posts\/6026\/revisions\/8090"}],"wp:featuredmedia":[{"embeddable":true,"href":"https:\/\/www.azubicard.de\/osnabrueck\/wp-json\/wp\/v2\/media\/2214"}],"wp:attachment":[{"href":"https:\/\/www.azubicard.de\/osnabrueck\/wp-json\/wp\/v2\/media?parent=6026"}],"wp:term":[{"taxonomy":"category","embeddable":true,"href":"https:\/\/www.azubicard.de\/osnabrueck\/wp-json\/wp\/v2\/categories?post=6026"},{"taxonomy":"post_tag","embeddable":true,"href":"https:\/\/www.azubicard.de\/osnabrueck\/wp-json\/wp\/v2\/tags?post=6026"}],"curies":[{"name":"wp","href":"https:\/\/api.w.org\/{rel}","templated":true}]}}