{"id":6200,"date":"2019-12-03T11:16:31","date_gmt":"2019-12-03T09:16:31","guid":{"rendered":"http:\/\/wp13677437.server-he.de\/osnabrueck\/2019\/12\/03\/stadtfuehrung-bernkastel-kues\/"},"modified":"2021-06-30T10:46:08","modified_gmt":"2021-06-30T08:46:08","slug":"stadtfuehrung-bernkastel-kues","status":"publish","type":"post","link":"https:\/\/www.azubicard.de\/osnabrueck\/2019\/12\/03\/stadtfuehrung-bernkastel-kues\/","title":{"rendered":"Stadtf\u00fchrung Bernkastel-Kues"},"content":{"rendered":"<p style=\"text-align: center\"><strong>Kostenfreie Teilnahme an einer \u00f6ffentlichen Stadtf\u00fchrung<\/strong><\/p>\n<p>Beim Vorzeigen deiner Azubicard an einer Stadtf\u00fchrung durch die Altstadt von Bernkastel teilnehmen und erfahren, was es mit dem B\u00e4r, dem Doctor, Cusanus oder dem Spitzh\u00e4uschen auf sich hat und vieles mehr.<br \/>\nKomm doch einfach mal vorbei \u2013 vielleicht auch mit deinen Freunden oder deiner Familie.<\/p>\n<p><strong>Wann:<\/strong> donnerstags und samstags um 14.30 Uhr (ganzj\u00e4hrig)<br \/>\n<strong>Dauer:<\/strong> 1 Stunde<\/p>\n<p>Weitere Infos auf der <a href=\"http:\/\/www.bernkastel.de\" target=\"_blank\" rel=\"noopener noreferrer\">Homepage<\/a><\/p>\n<p>&nbsp;<\/p>\n<p>Du hast Probleme mit diesem Angebot? Deine Karte wurde nicht akzeptiert oder das Angebot ist abgelaufen? Dann melde dich beim <a href=\"mailto:trier@azubicard.de\">Azubicard-Team<\/a> der IHK Trier.<\/p>\n","protected":false},"excerpt":{"rendered":"<p>Beim Vorzeigen deiner Azubicard kostenlos an der offenen Stadtf\u00fchrung durch die Altstadt von Bernkastel teilnehmen und erfahren, was es mit dem B\u00e4r, dem Doctor, Cusanus oder dem Spitzh\u00e4uschen auf sich hat und vieles mehr.<\/p>\n","protected":false},"author":8,"featured_media":3260,"comment_status":"open","ping_status":"open","sticky":false,"template":"","format":"standard","meta":{"_acf_changed":false,"footnotes":""},"categories":[73,75],"tags":[36],"class_list":["post-6200","post","type-post","status-publish","format-standard","has-post-thumbnail","hentry","category-angebote-trier","category-trier","tag-kultur"],"acf":[],"yoast_head":"<!-- This site is optimized with the Yoast SEO plugin v25.5 - https:\/\/yoast.com\/wordpress\/plugins\/seo\/ -->\n<title>Stadtf\u00fchrung Bernkastel-Kues - AzubiCard Osnabr\u00fcck<\/title>\n<meta name=\"robots\" content=\"index, follow, max-snippet:-1, max-image-preview:large, max-video-preview:-1\" \/>\n<link rel=\"canonical\" href=\"https:\/\/www.azubicard.de\/osnabrueck\/2019\/12\/03\/stadtfuehrung-bernkastel-kues\/\" \/>\n<meta property=\"og:locale\" content=\"de_DE\" \/>\n<meta property=\"og:type\" content=\"article\" \/>\n<meta property=\"og:title\" content=\"Stadtf\u00fchrung Bernkastel-Kues - AzubiCard Osnabr\u00fcck\" \/>\n<meta property=\"og:description\" content=\"Beim Vorzeigen deiner Azubicard kostenlos an der offenen Stadtf\u00fchrung durch die Altstadt von Bernkastel teilnehmen und erfahren, was es mit dem B\u00e4r, dem Doctor, Cusanus oder dem Spitzh\u00e4uschen auf sich hat und vieles mehr.\" \/>\n<meta property=\"og:url\" content=\"https:\/\/www.azubicard.de\/osnabrueck\/2019\/12\/03\/stadtfuehrung-bernkastel-kues\/\" \/>\n<meta property=\"og:site_name\" content=\"AzubiCard Osnabr\u00fcck\" \/>\n<meta property=\"article:published_time\" content=\"2019-12-03T09:16:31+00:00\" \/>\n<meta property=\"article:modified_time\" content=\"2021-06-30T08:46:08+00:00\" \/>\n<meta property=\"og:image\" content=\"https:\/\/www.azubicard.de\/osnabrueck\/wp-content\/uploads\/sites\/42\/2019\/12\/Internet-Version-Schlendern-und-Shoppen-TI_Foto-Klaus-Herzmann-2.jpg\" \/>\n\t<meta property=\"og:image:width\" content=\"1200\" \/>\n\t<meta property=\"og:image:height\" content=\"800\" \/>\n\t<meta property=\"og:image:type\" content=\"image\/jpeg\" \/>\n<meta name=\"author\" content=\"IHK Trier\" \/>\n<meta name=\"twitter:card\" content=\"summary_large_image\" \/>\n<meta name=\"twitter:label1\" content=\"Verfasst von\" \/>\n\t<meta name=\"twitter:data1\" content=\"IHK Trier\" \/>\n\t<meta name=\"twitter:label2\" content=\"Gesch\u00e4tzte Lesezeit\" \/>\n\t<meta name=\"twitter:data2\" content=\"1\u00a0Minute\" \/>\n<script type=\"application\/ld+json\" class=\"yoast-schema-graph\">{\"@context\":\"https:\/\/schema.org\",\"@graph\":[{\"@type\":\"WebPage\",\"@id\":\"https:\/\/www.azubicard.de\/osnabrueck\/2019\/12\/03\/stadtfuehrung-bernkastel-kues\/\",\"url\":\"https:\/\/www.azubicard.de\/osnabrueck\/2019\/12\/03\/stadtfuehrung-bernkastel-kues\/\",\"name\":\"Stadtf\u00fchrung Bernkastel-Kues - AzubiCard Osnabr\u00fcck\",\"isPartOf\":{\"@id\":\"https:\/\/www.azubicard.de\/osnabrueck\/#website\"},\"primaryImageOfPage\":{\"@id\":\"https:\/\/www.azubicard.de\/osnabrueck\/2019\/12\/03\/stadtfuehrung-bernkastel-kues\/#primaryimage\"},\"image\":{\"@id\":\"https:\/\/www.azubicard.de\/osnabrueck\/2019\/12\/03\/stadtfuehrung-bernkastel-kues\/#primaryimage\"},\"thumbnailUrl\":\"https:\/\/www.azubicard.de\/osnabrueck\/wp-content\/uploads\/sites\/42\/2019\/12\/Internet-Version-Schlendern-und-Shoppen-TI_Foto-Klaus-Herzmann-2.jpg\",\"datePublished\":\"2019-12-03T09:16:31+00:00\",\"dateModified\":\"2021-06-30T08:46:08+00:00\",\"author\":{\"@id\":\"https:\/\/www.azubicard.de\/osnabrueck\/#\/schema\/person\/d8bd203124d521df37e68ac8e5eae82f\"},\"breadcrumb\":{\"@id\":\"https:\/\/www.azubicard.de\/osnabrueck\/2019\/12\/03\/stadtfuehrung-bernkastel-kues\/#breadcrumb\"},\"inLanguage\":\"de\",\"potentialAction\":[{\"@type\":\"ReadAction\",\"target\":[\"https:\/\/www.azubicard.de\/osnabrueck\/2019\/12\/03\/stadtfuehrung-bernkastel-kues\/\"]}]},{\"@type\":\"ImageObject\",\"inLanguage\":\"de\",\"@id\":\"https:\/\/www.azubicard.de\/osnabrueck\/2019\/12\/03\/stadtfuehrung-bernkastel-kues\/#primaryimage\",\"url\":\"https:\/\/www.azubicard.de\/osnabrueck\/wp-content\/uploads\/sites\/42\/2019\/12\/Internet-Version-Schlendern-und-Shoppen-TI_Foto-Klaus-Herzmann-2.jpg\",\"contentUrl\":\"https:\/\/www.azubicard.de\/osnabrueck\/wp-content\/uploads\/sites\/42\/2019\/12\/Internet-Version-Schlendern-und-Shoppen-TI_Foto-Klaus-Herzmann-2.jpg\",\"width\":1200,\"height\":800},{\"@type\":\"BreadcrumbList\",\"@id\":\"https:\/\/www.azubicard.de\/osnabrueck\/2019\/12\/03\/stadtfuehrung-bernkastel-kues\/#breadcrumb\",\"itemListElement\":[{\"@type\":\"ListItem\",\"position\":1,\"name\":\"Startseite\",\"item\":\"https:\/\/www.azubicard.de\/osnabrueck\/\"},{\"@type\":\"ListItem\",\"position\":2,\"name\":\"Stadtf\u00fchrung Bernkastel-Kues\"}]},{\"@type\":\"WebSite\",\"@id\":\"https:\/\/www.azubicard.de\/osnabrueck\/#website\",\"url\":\"https:\/\/www.azubicard.de\/osnabrueck\/\",\"name\":\"AzubiCard Osnabr\u00fcck\",\"description\":\"Eine weitere AzubiCard Website\",\"potentialAction\":[{\"@type\":\"SearchAction\",\"target\":{\"@type\":\"EntryPoint\",\"urlTemplate\":\"https:\/\/www.azubicard.de\/osnabrueck\/?s={search_term_string}\"},\"query-input\":{\"@type\":\"PropertyValueSpecification\",\"valueRequired\":true,\"valueName\":\"search_term_string\"}}],\"inLanguage\":\"de\"},{\"@type\":\"Person\",\"@id\":\"https:\/\/www.azubicard.de\/osnabrueck\/#\/schema\/person\/d8bd203124d521df37e68ac8e5eae82f\",\"name\":\"IHK Trier\",\"image\":{\"@type\":\"ImageObject\",\"inLanguage\":\"de\",\"@id\":\"https:\/\/www.azubicard.de\/osnabrueck\/#\/schema\/person\/image\/\",\"url\":\"https:\/\/secure.gravatar.com\/avatar\/8633e2f2f271c99e8793dcaf1facaecdfafe4a41019db4eed062ddfd262e7080?s=96&d=mm&r=g\",\"contentUrl\":\"https:\/\/secure.gravatar.com\/avatar\/8633e2f2f271c99e8793dcaf1facaecdfafe4a41019db4eed062ddfd262e7080?s=96&d=mm&r=g\",\"caption\":\"IHK Trier\"},\"url\":\"https:\/\/www.azubicard.de\/osnabrueck\/author\/ihktrier\/\"}]}<\/script>\n<!-- \/ Yoast SEO plugin. -->","yoast_head_json":{"title":"Stadtf\u00fchrung Bernkastel-Kues - AzubiCard Osnabr\u00fcck","robots":{"index":"index","follow":"follow","max-snippet":"max-snippet:-1","max-image-preview":"max-image-preview:large","max-video-preview":"max-video-preview:-1"},"canonical":"https:\/\/www.azubicard.de\/osnabrueck\/2019\/12\/03\/stadtfuehrung-bernkastel-kues\/","og_locale":"de_DE","og_type":"article","og_title":"Stadtf\u00fchrung Bernkastel-Kues - AzubiCard Osnabr\u00fcck","og_description":"Beim Vorzeigen deiner Azubicard kostenlos an der offenen Stadtf\u00fchrung durch die Altstadt von Bernkastel teilnehmen und erfahren, was es mit dem B\u00e4r, dem Doctor, Cusanus oder dem Spitzh\u00e4uschen auf sich hat und vieles mehr.","og_url":"https:\/\/www.azubicard.de\/osnabrueck\/2019\/12\/03\/stadtfuehrung-bernkastel-kues\/","og_site_name":"AzubiCard Osnabr\u00fcck","article_published_time":"2019-12-03T09:16:31+00:00","article_modified_time":"2021-06-30T08:46:08+00:00","og_image":[{"width":1200,"height":800,"url":"https:\/\/www.azubicard.de\/osnabrueck\/wp-content\/uploads\/sites\/42\/2019\/12\/Internet-Version-Schlendern-und-Shoppen-TI_Foto-Klaus-Herzmann-2.jpg","type":"image\/jpeg"}],"author":"IHK Trier","twitter_card":"summary_large_image","twitter_misc":{"Verfasst von":"IHK Trier","Gesch\u00e4tzte Lesezeit":"1\u00a0Minute"},"schema":{"@context":"https:\/\/schema.org","@graph":[{"@type":"WebPage","@id":"https:\/\/www.azubicard.de\/osnabrueck\/2019\/12\/03\/stadtfuehrung-bernkastel-kues\/","url":"https:\/\/www.azubicard.de\/osnabrueck\/2019\/12\/03\/stadtfuehrung-bernkastel-kues\/","name":"Stadtf\u00fchrung Bernkastel-Kues - AzubiCard Osnabr\u00fcck","isPartOf":{"@id":"https:\/\/www.azubicard.de\/osnabrueck\/#website"},"primaryImageOfPage":{"@id":"https:\/\/www.azubicard.de\/osnabrueck\/2019\/12\/03\/stadtfuehrung-bernkastel-kues\/#primaryimage"},"image":{"@id":"https:\/\/www.azubicard.de\/osnabrueck\/2019\/12\/03\/stadtfuehrung-bernkastel-kues\/#primaryimage"},"thumbnailUrl":"https:\/\/www.azubicard.de\/osnabrueck\/wp-content\/uploads\/sites\/42\/2019\/12\/Internet-Version-Schlendern-und-Shoppen-TI_Foto-Klaus-Herzmann-2.jpg","datePublished":"2019-12-03T09:16:31+00:00","dateModified":"2021-06-30T08:46:08+00:00","author":{"@id":"https:\/\/www.azubicard.de\/osnabrueck\/#\/schema\/person\/d8bd203124d521df37e68ac8e5eae82f"},"breadcrumb":{"@id":"https:\/\/www.azubicard.de\/osnabrueck\/2019\/12\/03\/stadtfuehrung-bernkastel-kues\/#breadcrumb"},"inLanguage":"de","potentialAction":[{"@type":"ReadAction","target":["https:\/\/www.azubicard.de\/osnabrueck\/2019\/12\/03\/stadtfuehrung-bernkastel-kues\/"]}]},{"@type":"ImageObject","inLanguage":"de","@id":"https:\/\/www.azubicard.de\/osnabrueck\/2019\/12\/03\/stadtfuehrung-bernkastel-kues\/#primaryimage","url":"https:\/\/www.azubicard.de\/osnabrueck\/wp-content\/uploads\/sites\/42\/2019\/12\/Internet-Version-Schlendern-und-Shoppen-TI_Foto-Klaus-Herzmann-2.jpg","contentUrl":"https:\/\/www.azubicard.de\/osnabrueck\/wp-content\/uploads\/sites\/42\/2019\/12\/Internet-Version-Schlendern-und-Shoppen-TI_Foto-Klaus-Herzmann-2.jpg","width":1200,"height":800},{"@type":"BreadcrumbList","@id":"https:\/\/www.azubicard.de\/osnabrueck\/2019\/12\/03\/stadtfuehrung-bernkastel-kues\/#breadcrumb","itemListElement":[{"@type":"ListItem","position":1,"name":"Startseite","item":"https:\/\/www.azubicard.de\/osnabrueck\/"},{"@type":"ListItem","position":2,"name":"Stadtf\u00fchrung Bernkastel-Kues"}]},{"@type":"WebSite","@id":"https:\/\/www.azubicard.de\/osnabrueck\/#website","url":"https:\/\/www.azubicard.de\/osnabrueck\/","name":"AzubiCard Osnabr\u00fcck","description":"Eine weitere AzubiCard Website","potentialAction":[{"@type":"SearchAction","target":{"@type":"EntryPoint","urlTemplate":"https:\/\/www.azubicard.de\/osnabrueck\/?s={search_term_string}"},"query-input":{"@type":"PropertyValueSpecification","valueRequired":true,"valueName":"search_term_string"}}],"inLanguage":"de"},{"@type":"Person","@id":"https:\/\/www.azubicard.de\/osnabrueck\/#\/schema\/person\/d8bd203124d521df37e68ac8e5eae82f","name":"IHK Trier","image":{"@type":"ImageObject","inLanguage":"de","@id":"https:\/\/www.azubicard.de\/osnabrueck\/#\/schema\/person\/image\/","url":"https:\/\/secure.gravatar.com\/avatar\/8633e2f2f271c99e8793dcaf1facaecdfafe4a41019db4eed062ddfd262e7080?s=96&d=mm&r=g","contentUrl":"https:\/\/secure.gravatar.com\/avatar\/8633e2f2f271c99e8793dcaf1facaecdfafe4a41019db4eed062ddfd262e7080?s=96&d=mm&r=g","caption":"IHK Trier"},"url":"https:\/\/www.azubicard.de\/osnabrueck\/author\/ihktrier\/"}]}},"publishpress_future_action":{"enabled":false,"date":"2026-05-09 11:19:35","action":"change-status","newStatus":"draft","terms":[],"taxonomy":"category","extraData":[]},"publishpress_future_workflow_manual_trigger":{"enabledWorkflows":[]},"_links":{"self":[{"href":"https:\/\/www.azubicard.de\/osnabrueck\/wp-json\/wp\/v2\/posts\/6200","targetHints":{"allow":["GET"]}}],"collection":[{"href":"https:\/\/www.azubicard.de\/osnabrueck\/wp-json\/wp\/v2\/posts"}],"about":[{"href":"https:\/\/www.azubicard.de\/osnabrueck\/wp-json\/wp\/v2\/types\/post"}],"author":[{"embeddable":true,"href":"https:\/\/www.azubicard.de\/osnabrueck\/wp-json\/wp\/v2\/users\/8"}],"replies":[{"embeddable":true,"href":"https:\/\/www.azubicard.de\/osnabrueck\/wp-json\/wp\/v2\/comments?post=6200"}],"version-history":[{"count":4,"href":"https:\/\/www.azubicard.de\/osnabrueck\/wp-json\/wp\/v2\/posts\/6200\/revisions"}],"predecessor-version":[{"id":10175,"href":"https:\/\/www.azubicard.de\/osnabrueck\/wp-json\/wp\/v2\/posts\/6200\/revisions\/10175"}],"wp:featuredmedia":[{"embeddable":true,"href":"https:\/\/www.azubicard.de\/osnabrueck\/wp-json\/wp\/v2\/media\/3260"}],"wp:attachment":[{"href":"https:\/\/www.azubicard.de\/osnabrueck\/wp-json\/wp\/v2\/media?parent=6200"}],"wp:term":[{"taxonomy":"category","embeddable":true,"href":"https:\/\/www.azubicard.de\/osnabrueck\/wp-json\/wp\/v2\/categories?post=6200"},{"taxonomy":"post_tag","embeddable":true,"href":"https:\/\/www.azubicard.de\/osnabrueck\/wp-json\/wp\/v2\/tags?post=6200"}],"curies":[{"name":"wp","href":"https:\/\/api.w.org\/{rel}","templated":true}]}}