{"id":6723,"date":"2020-08-17T12:32:44","date_gmt":"2020-08-17T10:32:44","guid":{"rendered":"http:\/\/wp13677437.server-he.de\/osnabrueck\/?p=6723"},"modified":"2021-05-12T10:44:04","modified_gmt":"2021-05-12T08:44:04","slug":"autohaus-edel-gmbh-co-kg","status":"publish","type":"post","link":"https:\/\/www.azubicard.de\/osnabrueck\/2020\/08\/17\/autohaus-edel-gmbh-co-kg\/","title":{"rendered":"5% Rabatt auf Zubeh\u00f6r"},"content":{"rendered":"<p>Autohaus Edel GmbH &amp; Co.KG<\/p>\n","protected":false},"excerpt":{"rendered":"<p>Wir gew\u00e4hren 5% Rabatt auf Zubeh\u00f6r<\/p>\n","protected":false},"author":17,"featured_media":0,"comment_status":"open","ping_status":"open","sticky":false,"template":"","format":"standard","meta":{"_acf_changed":false,"footnotes":""},"categories":[691,687],"tags":[745],"class_list":["post-6723","post","type-post","status-publish","format-standard","hentry","category-angebote-reutlingen","category-reutlingen","tag-mobilitaet"],"acf":[],"yoast_head":"<!-- This site is optimized with the Yoast SEO plugin v25.5 - https:\/\/yoast.com\/wordpress\/plugins\/seo\/ -->\n<title>5% Rabatt auf Zubeh\u00f6r - AzubiCard Osnabr\u00fcck<\/title>\n<meta name=\"robots\" content=\"index, follow, max-snippet:-1, max-image-preview:large, max-video-preview:-1\" \/>\n<link rel=\"canonical\" href=\"https:\/\/www.azubicard.de\/osnabrueck\/2020\/08\/17\/autohaus-edel-gmbh-co-kg\/\" \/>\n<meta property=\"og:locale\" content=\"de_DE\" \/>\n<meta property=\"og:type\" content=\"article\" \/>\n<meta property=\"og:title\" content=\"5% Rabatt auf Zubeh\u00f6r - AzubiCard Osnabr\u00fcck\" \/>\n<meta property=\"og:description\" content=\"Wir gew\u00e4hren 5% Rabatt auf Zubeh\u00f6r\" \/>\n<meta property=\"og:url\" content=\"https:\/\/www.azubicard.de\/osnabrueck\/2020\/08\/17\/autohaus-edel-gmbh-co-kg\/\" \/>\n<meta property=\"og:site_name\" content=\"AzubiCard Osnabr\u00fcck\" \/>\n<meta property=\"article:published_time\" content=\"2020-08-17T10:32:44+00:00\" \/>\n<meta property=\"article:modified_time\" content=\"2021-05-12T08:44:04+00:00\" \/>\n<meta name=\"author\" content=\"ihkreutlingen\" \/>\n<meta name=\"twitter:card\" content=\"summary_large_image\" \/>\n<meta name=\"twitter:label1\" content=\"Verfasst von\" \/>\n\t<meta name=\"twitter:data1\" content=\"ihkreutlingen\" \/>\n<script type=\"application\/ld+json\" class=\"yoast-schema-graph\">{\"@context\":\"https:\/\/schema.org\",\"@graph\":[{\"@type\":\"WebPage\",\"@id\":\"https:\/\/www.azubicard.de\/osnabrueck\/2020\/08\/17\/autohaus-edel-gmbh-co-kg\/\",\"url\":\"https:\/\/www.azubicard.de\/osnabrueck\/2020\/08\/17\/autohaus-edel-gmbh-co-kg\/\",\"name\":\"5% Rabatt auf Zubeh\u00f6r - AzubiCard Osnabr\u00fcck\",\"isPartOf\":{\"@id\":\"https:\/\/www.azubicard.de\/osnabrueck\/#website\"},\"datePublished\":\"2020-08-17T10:32:44+00:00\",\"dateModified\":\"2021-05-12T08:44:04+00:00\",\"author\":{\"@id\":\"https:\/\/www.azubicard.de\/osnabrueck\/#\/schema\/person\/81e8f6718915bf6165413a05a264296d\"},\"breadcrumb\":{\"@id\":\"https:\/\/www.azubicard.de\/osnabrueck\/2020\/08\/17\/autohaus-edel-gmbh-co-kg\/#breadcrumb\"},\"inLanguage\":\"de\",\"potentialAction\":[{\"@type\":\"ReadAction\",\"target\":[\"https:\/\/www.azubicard.de\/osnabrueck\/2020\/08\/17\/autohaus-edel-gmbh-co-kg\/\"]}]},{\"@type\":\"BreadcrumbList\",\"@id\":\"https:\/\/www.azubicard.de\/osnabrueck\/2020\/08\/17\/autohaus-edel-gmbh-co-kg\/#breadcrumb\",\"itemListElement\":[{\"@type\":\"ListItem\",\"position\":1,\"name\":\"Startseite\",\"item\":\"https:\/\/www.azubicard.de\/osnabrueck\/\"},{\"@type\":\"ListItem\",\"position\":2,\"name\":\"5% Rabatt auf Zubeh\u00f6r\"}]},{\"@type\":\"WebSite\",\"@id\":\"https:\/\/www.azubicard.de\/osnabrueck\/#website\",\"url\":\"https:\/\/www.azubicard.de\/osnabrueck\/\",\"name\":\"AzubiCard Osnabr\u00fcck\",\"description\":\"Eine weitere AzubiCard Website\",\"potentialAction\":[{\"@type\":\"SearchAction\",\"target\":{\"@type\":\"EntryPoint\",\"urlTemplate\":\"https:\/\/www.azubicard.de\/osnabrueck\/?s={search_term_string}\"},\"query-input\":{\"@type\":\"PropertyValueSpecification\",\"valueRequired\":true,\"valueName\":\"search_term_string\"}}],\"inLanguage\":\"de\"},{\"@type\":\"Person\",\"@id\":\"https:\/\/www.azubicard.de\/osnabrueck\/#\/schema\/person\/81e8f6718915bf6165413a05a264296d\",\"name\":\"ihkreutlingen\",\"image\":{\"@type\":\"ImageObject\",\"inLanguage\":\"de\",\"@id\":\"https:\/\/www.azubicard.de\/osnabrueck\/#\/schema\/person\/image\/\",\"url\":\"https:\/\/secure.gravatar.com\/avatar\/af3b2fc8abe5e9996c7136ef173194822b18a6359e52a0ea267808e45af5bb14?s=96&d=mm&r=g\",\"contentUrl\":\"https:\/\/secure.gravatar.com\/avatar\/af3b2fc8abe5e9996c7136ef173194822b18a6359e52a0ea267808e45af5bb14?s=96&d=mm&r=g\",\"caption\":\"ihkreutlingen\"},\"url\":\"https:\/\/www.azubicard.de\/osnabrueck\/author\/ihkreutlingen\/\"}]}<\/script>\n<!-- \/ Yoast SEO plugin. -->","yoast_head_json":{"title":"5% Rabatt auf Zubeh\u00f6r - AzubiCard Osnabr\u00fcck","robots":{"index":"index","follow":"follow","max-snippet":"max-snippet:-1","max-image-preview":"max-image-preview:large","max-video-preview":"max-video-preview:-1"},"canonical":"https:\/\/www.azubicard.de\/osnabrueck\/2020\/08\/17\/autohaus-edel-gmbh-co-kg\/","og_locale":"de_DE","og_type":"article","og_title":"5% Rabatt auf Zubeh\u00f6r - AzubiCard Osnabr\u00fcck","og_description":"Wir gew\u00e4hren 5% Rabatt auf Zubeh\u00f6r","og_url":"https:\/\/www.azubicard.de\/osnabrueck\/2020\/08\/17\/autohaus-edel-gmbh-co-kg\/","og_site_name":"AzubiCard Osnabr\u00fcck","article_published_time":"2020-08-17T10:32:44+00:00","article_modified_time":"2021-05-12T08:44:04+00:00","author":"ihkreutlingen","twitter_card":"summary_large_image","twitter_misc":{"Verfasst von":"ihkreutlingen"},"schema":{"@context":"https:\/\/schema.org","@graph":[{"@type":"WebPage","@id":"https:\/\/www.azubicard.de\/osnabrueck\/2020\/08\/17\/autohaus-edel-gmbh-co-kg\/","url":"https:\/\/www.azubicard.de\/osnabrueck\/2020\/08\/17\/autohaus-edel-gmbh-co-kg\/","name":"5% Rabatt auf Zubeh\u00f6r - AzubiCard Osnabr\u00fcck","isPartOf":{"@id":"https:\/\/www.azubicard.de\/osnabrueck\/#website"},"datePublished":"2020-08-17T10:32:44+00:00","dateModified":"2021-05-12T08:44:04+00:00","author":{"@id":"https:\/\/www.azubicard.de\/osnabrueck\/#\/schema\/person\/81e8f6718915bf6165413a05a264296d"},"breadcrumb":{"@id":"https:\/\/www.azubicard.de\/osnabrueck\/2020\/08\/17\/autohaus-edel-gmbh-co-kg\/#breadcrumb"},"inLanguage":"de","potentialAction":[{"@type":"ReadAction","target":["https:\/\/www.azubicard.de\/osnabrueck\/2020\/08\/17\/autohaus-edel-gmbh-co-kg\/"]}]},{"@type":"BreadcrumbList","@id":"https:\/\/www.azubicard.de\/osnabrueck\/2020\/08\/17\/autohaus-edel-gmbh-co-kg\/#breadcrumb","itemListElement":[{"@type":"ListItem","position":1,"name":"Startseite","item":"https:\/\/www.azubicard.de\/osnabrueck\/"},{"@type":"ListItem","position":2,"name":"5% Rabatt auf Zubeh\u00f6r"}]},{"@type":"WebSite","@id":"https:\/\/www.azubicard.de\/osnabrueck\/#website","url":"https:\/\/www.azubicard.de\/osnabrueck\/","name":"AzubiCard Osnabr\u00fcck","description":"Eine weitere AzubiCard Website","potentialAction":[{"@type":"SearchAction","target":{"@type":"EntryPoint","urlTemplate":"https:\/\/www.azubicard.de\/osnabrueck\/?s={search_term_string}"},"query-input":{"@type":"PropertyValueSpecification","valueRequired":true,"valueName":"search_term_string"}}],"inLanguage":"de"},{"@type":"Person","@id":"https:\/\/www.azubicard.de\/osnabrueck\/#\/schema\/person\/81e8f6718915bf6165413a05a264296d","name":"ihkreutlingen","image":{"@type":"ImageObject","inLanguage":"de","@id":"https:\/\/www.azubicard.de\/osnabrueck\/#\/schema\/person\/image\/","url":"https:\/\/secure.gravatar.com\/avatar\/af3b2fc8abe5e9996c7136ef173194822b18a6359e52a0ea267808e45af5bb14?s=96&d=mm&r=g","contentUrl":"https:\/\/secure.gravatar.com\/avatar\/af3b2fc8abe5e9996c7136ef173194822b18a6359e52a0ea267808e45af5bb14?s=96&d=mm&r=g","caption":"ihkreutlingen"},"url":"https:\/\/www.azubicard.de\/osnabrueck\/author\/ihkreutlingen\/"}]}},"publishpress_future_action":{"enabled":false,"date":"2026-05-09 15:08:11","action":"change-status","newStatus":"draft","terms":[],"taxonomy":"category","extraData":[]},"publishpress_future_workflow_manual_trigger":{"enabledWorkflows":[]},"_links":{"self":[{"href":"https:\/\/www.azubicard.de\/osnabrueck\/wp-json\/wp\/v2\/posts\/6723","targetHints":{"allow":["GET"]}}],"collection":[{"href":"https:\/\/www.azubicard.de\/osnabrueck\/wp-json\/wp\/v2\/posts"}],"about":[{"href":"https:\/\/www.azubicard.de\/osnabrueck\/wp-json\/wp\/v2\/types\/post"}],"author":[{"embeddable":true,"href":"https:\/\/www.azubicard.de\/osnabrueck\/wp-json\/wp\/v2\/users\/17"}],"replies":[{"embeddable":true,"href":"https:\/\/www.azubicard.de\/osnabrueck\/wp-json\/wp\/v2\/comments?post=6723"}],"version-history":[{"count":2,"href":"https:\/\/www.azubicard.de\/osnabrueck\/wp-json\/wp\/v2\/posts\/6723\/revisions"}],"predecessor-version":[{"id":6824,"href":"https:\/\/www.azubicard.de\/osnabrueck\/wp-json\/wp\/v2\/posts\/6723\/revisions\/6824"}],"wp:attachment":[{"href":"https:\/\/www.azubicard.de\/osnabrueck\/wp-json\/wp\/v2\/media?parent=6723"}],"wp:term":[{"taxonomy":"category","embeddable":true,"href":"https:\/\/www.azubicard.de\/osnabrueck\/wp-json\/wp\/v2\/categories?post=6723"},{"taxonomy":"post_tag","embeddable":true,"href":"https:\/\/www.azubicard.de\/osnabrueck\/wp-json\/wp\/v2\/tags?post=6723"}],"curies":[{"name":"wp","href":"https:\/\/api.w.org\/{rel}","templated":true}]}}