{"id":8103,"date":"2020-10-02T13:03:10","date_gmt":"2020-10-02T11:03:10","guid":{"rendered":"http:\/\/wp13677437.server-he.de\/rheinhessen\/?p=8103"},"modified":"2022-05-31T14:21:11","modified_gmt":"2022-05-31T12:21:11","slug":"daniel-schmid-frisoere-jungstylisten-fuer-azubis","status":"publish","type":"post","link":"https:\/\/www.azubicard.de\/rheinhessen\/2020\/10\/02\/daniel-schmid-frisoere-jungstylisten-fuer-azubis\/","title":{"rendered":"Daniel Schmid Fris\u00f6re \/\/ Jungstylisten f\u00fcr Azubis"},"content":{"rendered":"<p>Wir bieten f\u00fcr Euch mit Azubi-Card immer an allen Arbeitstagen bei unseren #Jungsstylisten die g\u00fcnstigen Preise. Bitte bei der Online-Reservierung \u201eJungstylist\u201c ausw\u00e4hlen. Wir sind mit unserem \u00a0Shop und dem Online Buchungsportal 24\/7 zu erreichen.<img loading=\"lazy\" decoding=\"async\" class=\"alignnone size-medium wp-image-8104\" src=\"http:\/\/www.azubicard.de\/wp-content\/uploads\/2020\/10\/DANIEL-SCHMID-FRISOERE_web-300x200.jpg\" alt=\"\" width=\"300\" height=\"200\" srcset=\"https:\/\/www.azubicard.de\/rheinhessen\/wp-content\/uploads\/sites\/28\/2020\/10\/DANIEL-SCHMID-FRISOERE_web-300x200.jpg 300w, https:\/\/www.azubicard.de\/rheinhessen\/wp-content\/uploads\/sites\/28\/2020\/10\/DANIEL-SCHMID-FRISOERE_web-1024x683.jpg 1024w, https:\/\/www.azubicard.de\/rheinhessen\/wp-content\/uploads\/sites\/28\/2020\/10\/DANIEL-SCHMID-FRISOERE_web-768x512.jpg 768w, https:\/\/www.azubicard.de\/rheinhessen\/wp-content\/uploads\/sites\/28\/2020\/10\/DANIEL-SCHMID-FRISOERE_web-120x80.jpg 120w, https:\/\/www.azubicard.de\/rheinhessen\/wp-content\/uploads\/sites\/28\/2020\/10\/DANIEL-SCHMID-FRISOERE_web-1536x1024.jpg 1536w, https:\/\/www.azubicard.de\/rheinhessen\/wp-content\/uploads\/sites\/28\/2020\/10\/DANIEL-SCHMID-FRISOERE_web-2048x1366.jpg 2048w\" sizes=\"auto, (max-width: 300px) 100vw, 300px\" \/><\/p>\n","protected":false},"excerpt":{"rendered":"<p>Wir bieten f\u00fcr Euch mit Azubi-Card immer an allen Arbeitstagen bei unseren #Jungsstylisten die g\u00fcnstigen Preise. Bitte bei der Online-Reservierung \u201eJungstylist\u201c ausw\u00e4hlen. Wir sind mit unserem \u00a0Shop und dem Online Buchungsportal 24\/7 zu erreichen.<\/p>\n","protected":false},"author":18,"featured_media":8104,"comment_status":"open","ping_status":"open","sticky":false,"template":"","format":"standard","meta":{"_acf_changed":false,"footnotes":""},"categories":[691,687,692],"tags":[746],"class_list":["post-8103","post","type-post","status-publish","format-standard","has-post-thumbnail","hentry","category-angebote-reutlingen","category-reutlingen","category-top-angebote-reutlingen","tag-beauty-wellness"],"acf":[],"yoast_head":"<!-- This site is optimized with the Yoast SEO plugin v25.5 - https:\/\/yoast.com\/wordpress\/plugins\/seo\/ -->\n<title>Daniel Schmid Fris\u00f6re \/\/ Jungstylisten f\u00fcr Azubis - AzubiCard Rheinhessen<\/title>\n<meta name=\"robots\" content=\"index, follow, max-snippet:-1, max-image-preview:large, max-video-preview:-1\" \/>\n<link rel=\"canonical\" href=\"https:\/\/www.azubicard.de\/rheinhessen\/2020\/10\/02\/daniel-schmid-frisoere-jungstylisten-fuer-azubis\/\" \/>\n<meta property=\"og:locale\" content=\"de_DE\" \/>\n<meta property=\"og:type\" content=\"article\" \/>\n<meta property=\"og:title\" content=\"Daniel Schmid Fris\u00f6re \/\/ Jungstylisten f\u00fcr Azubis - AzubiCard Rheinhessen\" \/>\n<meta property=\"og:description\" content=\"Wir bieten f\u00fcr Euch mit Azubi-Card immer an allen Arbeitstagen bei unseren #Jungsstylisten die g\u00fcnstigen Preise. Bitte bei der Online-Reservierung \u201eJungstylist\u201c ausw\u00e4hlen. Wir sind mit unserem \u00a0Shop und dem Online Buchungsportal 24\/7 zu erreichen.\" \/>\n<meta property=\"og:url\" content=\"https:\/\/www.azubicard.de\/rheinhessen\/2020\/10\/02\/daniel-schmid-frisoere-jungstylisten-fuer-azubis\/\" \/>\n<meta property=\"og:site_name\" content=\"AzubiCard Rheinhessen\" \/>\n<meta property=\"article:published_time\" content=\"2020-10-02T11:03:10+00:00\" \/>\n<meta property=\"article:modified_time\" content=\"2022-05-31T12:21:11+00:00\" \/>\n<meta property=\"og:image\" content=\"https:\/\/www.azubicard.de\/rheinhessen\/wp-content\/uploads\/sites\/28\/2020\/10\/DANIEL-SCHMID-FRISOERE_web.jpg\" \/>\n\t<meta property=\"og:image:width\" content=\"2500\" \/>\n\t<meta property=\"og:image:height\" content=\"1667\" \/>\n\t<meta property=\"og:image:type\" content=\"image\/jpeg\" \/>\n<meta name=\"author\" content=\"hwkreutlingen\" \/>\n<meta name=\"twitter:card\" content=\"summary_large_image\" \/>\n<meta name=\"twitter:label1\" content=\"Verfasst von\" \/>\n\t<meta name=\"twitter:data1\" content=\"hwkreutlingen\" \/>\n<script type=\"application\/ld+json\" class=\"yoast-schema-graph\">{\"@context\":\"https:\/\/schema.org\",\"@graph\":[{\"@type\":\"WebPage\",\"@id\":\"https:\/\/www.azubicard.de\/rheinhessen\/2020\/10\/02\/daniel-schmid-frisoere-jungstylisten-fuer-azubis\/\",\"url\":\"https:\/\/www.azubicard.de\/rheinhessen\/2020\/10\/02\/daniel-schmid-frisoere-jungstylisten-fuer-azubis\/\",\"name\":\"Daniel Schmid Fris\u00f6re \/\/ Jungstylisten f\u00fcr Azubis - AzubiCard Rheinhessen\",\"isPartOf\":{\"@id\":\"https:\/\/www.azubicard.de\/rheinhessen\/#website\"},\"primaryImageOfPage\":{\"@id\":\"https:\/\/www.azubicard.de\/rheinhessen\/2020\/10\/02\/daniel-schmid-frisoere-jungstylisten-fuer-azubis\/#primaryimage\"},\"image\":{\"@id\":\"https:\/\/www.azubicard.de\/rheinhessen\/2020\/10\/02\/daniel-schmid-frisoere-jungstylisten-fuer-azubis\/#primaryimage\"},\"thumbnailUrl\":\"https:\/\/www.azubicard.de\/rheinhessen\/wp-content\/uploads\/sites\/28\/2020\/10\/DANIEL-SCHMID-FRISOERE_web.jpg\",\"datePublished\":\"2020-10-02T11:03:10+00:00\",\"dateModified\":\"2022-05-31T12:21:11+00:00\",\"author\":{\"@id\":\"https:\/\/www.azubicard.de\/rheinhessen\/#\/schema\/person\/1cd08df9c425e27e1bf4b2ace791a0cf\"},\"breadcrumb\":{\"@id\":\"https:\/\/www.azubicard.de\/rheinhessen\/2020\/10\/02\/daniel-schmid-frisoere-jungstylisten-fuer-azubis\/#breadcrumb\"},\"inLanguage\":\"de\",\"potentialAction\":[{\"@type\":\"ReadAction\",\"target\":[\"https:\/\/www.azubicard.de\/rheinhessen\/2020\/10\/02\/daniel-schmid-frisoere-jungstylisten-fuer-azubis\/\"]}]},{\"@type\":\"ImageObject\",\"inLanguage\":\"de\",\"@id\":\"https:\/\/www.azubicard.de\/rheinhessen\/2020\/10\/02\/daniel-schmid-frisoere-jungstylisten-fuer-azubis\/#primaryimage\",\"url\":\"https:\/\/www.azubicard.de\/rheinhessen\/wp-content\/uploads\/sites\/28\/2020\/10\/DANIEL-SCHMID-FRISOERE_web.jpg\",\"contentUrl\":\"https:\/\/www.azubicard.de\/rheinhessen\/wp-content\/uploads\/sites\/28\/2020\/10\/DANIEL-SCHMID-FRISOERE_web.jpg\",\"width\":2500,\"height\":1667},{\"@type\":\"BreadcrumbList\",\"@id\":\"https:\/\/www.azubicard.de\/rheinhessen\/2020\/10\/02\/daniel-schmid-frisoere-jungstylisten-fuer-azubis\/#breadcrumb\",\"itemListElement\":[{\"@type\":\"ListItem\",\"position\":1,\"name\":\"Startseite\",\"item\":\"https:\/\/www.azubicard.de\/rheinhessen\/\"},{\"@type\":\"ListItem\",\"position\":2,\"name\":\"Daniel Schmid Fris\u00f6re \/\/ Jungstylisten f\u00fcr Azubis\"}]},{\"@type\":\"WebSite\",\"@id\":\"https:\/\/www.azubicard.de\/rheinhessen\/#website\",\"url\":\"https:\/\/www.azubicard.de\/rheinhessen\/\",\"name\":\"AzubiCard Rheinhessen\",\"description\":\"Eine weitere AzubiCard Website\",\"potentialAction\":[{\"@type\":\"SearchAction\",\"target\":{\"@type\":\"EntryPoint\",\"urlTemplate\":\"https:\/\/www.azubicard.de\/rheinhessen\/?s={search_term_string}\"},\"query-input\":{\"@type\":\"PropertyValueSpecification\",\"valueRequired\":true,\"valueName\":\"search_term_string\"}}],\"inLanguage\":\"de\"},{\"@type\":\"Person\",\"@id\":\"https:\/\/www.azubicard.de\/rheinhessen\/#\/schema\/person\/1cd08df9c425e27e1bf4b2ace791a0cf\",\"name\":\"hwkreutlingen\",\"image\":{\"@type\":\"ImageObject\",\"inLanguage\":\"de\",\"@id\":\"https:\/\/www.azubicard.de\/rheinhessen\/#\/schema\/person\/image\/\",\"url\":\"https:\/\/secure.gravatar.com\/avatar\/b95ab3f1179768ed0d57276d37335f3c73bd1ac9638fbf135db37766fd121aa5?s=96&d=mm&r=g\",\"contentUrl\":\"https:\/\/secure.gravatar.com\/avatar\/b95ab3f1179768ed0d57276d37335f3c73bd1ac9638fbf135db37766fd121aa5?s=96&d=mm&r=g\",\"caption\":\"hwkreutlingen\"},\"url\":\"https:\/\/www.azubicard.de\/rheinhessen\/author\/hwkreutlingen\/\"}]}<\/script>\n<!-- \/ Yoast SEO plugin. -->","yoast_head_json":{"title":"Daniel Schmid Fris\u00f6re \/\/ Jungstylisten f\u00fcr Azubis - AzubiCard Rheinhessen","robots":{"index":"index","follow":"follow","max-snippet":"max-snippet:-1","max-image-preview":"max-image-preview:large","max-video-preview":"max-video-preview:-1"},"canonical":"https:\/\/www.azubicard.de\/rheinhessen\/2020\/10\/02\/daniel-schmid-frisoere-jungstylisten-fuer-azubis\/","og_locale":"de_DE","og_type":"article","og_title":"Daniel Schmid Fris\u00f6re \/\/ Jungstylisten f\u00fcr Azubis - AzubiCard Rheinhessen","og_description":"Wir bieten f\u00fcr Euch mit Azubi-Card immer an allen Arbeitstagen bei unseren #Jungsstylisten die g\u00fcnstigen Preise. Bitte bei der Online-Reservierung \u201eJungstylist\u201c ausw\u00e4hlen. Wir sind mit unserem \u00a0Shop und dem Online Buchungsportal 24\/7 zu erreichen.","og_url":"https:\/\/www.azubicard.de\/rheinhessen\/2020\/10\/02\/daniel-schmid-frisoere-jungstylisten-fuer-azubis\/","og_site_name":"AzubiCard Rheinhessen","article_published_time":"2020-10-02T11:03:10+00:00","article_modified_time":"2022-05-31T12:21:11+00:00","og_image":[{"width":2500,"height":1667,"url":"https:\/\/www.azubicard.de\/rheinhessen\/wp-content\/uploads\/sites\/28\/2020\/10\/DANIEL-SCHMID-FRISOERE_web.jpg","type":"image\/jpeg"}],"author":"hwkreutlingen","twitter_card":"summary_large_image","twitter_misc":{"Verfasst von":"hwkreutlingen"},"schema":{"@context":"https:\/\/schema.org","@graph":[{"@type":"WebPage","@id":"https:\/\/www.azubicard.de\/rheinhessen\/2020\/10\/02\/daniel-schmid-frisoere-jungstylisten-fuer-azubis\/","url":"https:\/\/www.azubicard.de\/rheinhessen\/2020\/10\/02\/daniel-schmid-frisoere-jungstylisten-fuer-azubis\/","name":"Daniel Schmid Fris\u00f6re \/\/ Jungstylisten f\u00fcr Azubis - AzubiCard Rheinhessen","isPartOf":{"@id":"https:\/\/www.azubicard.de\/rheinhessen\/#website"},"primaryImageOfPage":{"@id":"https:\/\/www.azubicard.de\/rheinhessen\/2020\/10\/02\/daniel-schmid-frisoere-jungstylisten-fuer-azubis\/#primaryimage"},"image":{"@id":"https:\/\/www.azubicard.de\/rheinhessen\/2020\/10\/02\/daniel-schmid-frisoere-jungstylisten-fuer-azubis\/#primaryimage"},"thumbnailUrl":"https:\/\/www.azubicard.de\/rheinhessen\/wp-content\/uploads\/sites\/28\/2020\/10\/DANIEL-SCHMID-FRISOERE_web.jpg","datePublished":"2020-10-02T11:03:10+00:00","dateModified":"2022-05-31T12:21:11+00:00","author":{"@id":"https:\/\/www.azubicard.de\/rheinhessen\/#\/schema\/person\/1cd08df9c425e27e1bf4b2ace791a0cf"},"breadcrumb":{"@id":"https:\/\/www.azubicard.de\/rheinhessen\/2020\/10\/02\/daniel-schmid-frisoere-jungstylisten-fuer-azubis\/#breadcrumb"},"inLanguage":"de","potentialAction":[{"@type":"ReadAction","target":["https:\/\/www.azubicard.de\/rheinhessen\/2020\/10\/02\/daniel-schmid-frisoere-jungstylisten-fuer-azubis\/"]}]},{"@type":"ImageObject","inLanguage":"de","@id":"https:\/\/www.azubicard.de\/rheinhessen\/2020\/10\/02\/daniel-schmid-frisoere-jungstylisten-fuer-azubis\/#primaryimage","url":"https:\/\/www.azubicard.de\/rheinhessen\/wp-content\/uploads\/sites\/28\/2020\/10\/DANIEL-SCHMID-FRISOERE_web.jpg","contentUrl":"https:\/\/www.azubicard.de\/rheinhessen\/wp-content\/uploads\/sites\/28\/2020\/10\/DANIEL-SCHMID-FRISOERE_web.jpg","width":2500,"height":1667},{"@type":"BreadcrumbList","@id":"https:\/\/www.azubicard.de\/rheinhessen\/2020\/10\/02\/daniel-schmid-frisoere-jungstylisten-fuer-azubis\/#breadcrumb","itemListElement":[{"@type":"ListItem","position":1,"name":"Startseite","item":"https:\/\/www.azubicard.de\/rheinhessen\/"},{"@type":"ListItem","position":2,"name":"Daniel Schmid Fris\u00f6re \/\/ Jungstylisten f\u00fcr Azubis"}]},{"@type":"WebSite","@id":"https:\/\/www.azubicard.de\/rheinhessen\/#website","url":"https:\/\/www.azubicard.de\/rheinhessen\/","name":"AzubiCard Rheinhessen","description":"Eine weitere AzubiCard Website","potentialAction":[{"@type":"SearchAction","target":{"@type":"EntryPoint","urlTemplate":"https:\/\/www.azubicard.de\/rheinhessen\/?s={search_term_string}"},"query-input":{"@type":"PropertyValueSpecification","valueRequired":true,"valueName":"search_term_string"}}],"inLanguage":"de"},{"@type":"Person","@id":"https:\/\/www.azubicard.de\/rheinhessen\/#\/schema\/person\/1cd08df9c425e27e1bf4b2ace791a0cf","name":"hwkreutlingen","image":{"@type":"ImageObject","inLanguage":"de","@id":"https:\/\/www.azubicard.de\/rheinhessen\/#\/schema\/person\/image\/","url":"https:\/\/secure.gravatar.com\/avatar\/b95ab3f1179768ed0d57276d37335f3c73bd1ac9638fbf135db37766fd121aa5?s=96&d=mm&r=g","contentUrl":"https:\/\/secure.gravatar.com\/avatar\/b95ab3f1179768ed0d57276d37335f3c73bd1ac9638fbf135db37766fd121aa5?s=96&d=mm&r=g","caption":"hwkreutlingen"},"url":"https:\/\/www.azubicard.de\/rheinhessen\/author\/hwkreutlingen\/"}]}},"publishpress_future_action":{"enabled":false,"date":"2026-05-07 02:12:48","action":"change-status","newStatus":"draft","terms":[],"taxonomy":"category","extraData":[]},"publishpress_future_workflow_manual_trigger":{"enabledWorkflows":[]},"_links":{"self":[{"href":"https:\/\/www.azubicard.de\/rheinhessen\/wp-json\/wp\/v2\/posts\/8103","targetHints":{"allow":["GET"]}}],"collection":[{"href":"https:\/\/www.azubicard.de\/rheinhessen\/wp-json\/wp\/v2\/posts"}],"about":[{"href":"https:\/\/www.azubicard.de\/rheinhessen\/wp-json\/wp\/v2\/types\/post"}],"author":[{"embeddable":true,"href":"https:\/\/www.azubicard.de\/rheinhessen\/wp-json\/wp\/v2\/users\/18"}],"replies":[{"embeddable":true,"href":"https:\/\/www.azubicard.de\/rheinhessen\/wp-json\/wp\/v2\/comments?post=8103"}],"version-history":[{"count":15,"href":"https:\/\/www.azubicard.de\/rheinhessen\/wp-json\/wp\/v2\/posts\/8103\/revisions"}],"predecessor-version":[{"id":13983,"href":"https:\/\/www.azubicard.de\/rheinhessen\/wp-json\/wp\/v2\/posts\/8103\/revisions\/13983"}],"wp:featuredmedia":[{"embeddable":true,"href":"https:\/\/www.azubicard.de\/rheinhessen\/wp-json\/wp\/v2\/media\/8104"}],"wp:attachment":[{"href":"https:\/\/www.azubicard.de\/rheinhessen\/wp-json\/wp\/v2\/media?parent=8103"}],"wp:term":[{"taxonomy":"category","embeddable":true,"href":"https:\/\/www.azubicard.de\/rheinhessen\/wp-json\/wp\/v2\/categories?post=8103"},{"taxonomy":"post_tag","embeddable":true,"href":"https:\/\/www.azubicard.de\/rheinhessen\/wp-json\/wp\/v2\/tags?post=8103"}],"curies":[{"name":"wp","href":"https:\/\/api.w.org\/{rel}","templated":true}]}}